{"id":1229707,"date":"2021-06-14T23:27:45","date_gmt":"2021-06-15T04:27:45","guid":{"rendered":"https:\/\/www.acapulco.press\/?p=1229707"},"modified":"2021-06-14T23:27:45","modified_gmt":"2021-06-15T04:27:45","slug":"los-bukis-y-marco-antonio-solis-anuncian-reencuentro-y-gira","status":"publish","type":"post","link":"https:\/\/www.acapulcopress.com\/index.php\/2021\/06\/14\/los-bukis-y-marco-antonio-solis-anuncian-reencuentro-y-gira\/","title":{"rendered":"Los Bukis y Marco Antonio Sol\u00eds anuncian reencuentro y gira"},"content":{"rendered":"<p style=\"text-align: justify;\">] CIUDAD DE M\u00c9XICO. * 14 de junio de 2021.<br \/>\n<em>)<a href=\"https:\/\/www.efe.com\/efe\/america\/cultura\/los-bukis-se-reunen-para-una-gira-en-ee-uu-con-marco-antonio-solis-al-frente\/20000009-4562323\" target=\"_blank\" rel=\"noopener\"> Efe<\/a>.<\/em><\/p>\n<p style=\"text-align: justify;\">Luego de 25 a\u00f1os separados, la banda Los Bukis anunci\u00f3 este lunes, 14 de junio de 2021, una gira que recorrer\u00e1 Estados Unidos, entre agosto y septiembre, y en la que Marco Antonio Sol\u00eds volver\u00e1 a ponerse al frente del famoso grupo mexicano.<\/p>\n<p style=\"text-align: justify;\">Con el nombre <em>Una historia cantada,<\/em> la gira comenzar\u00e1 el 27 de agosto en el SoFi Stadium de Los \u00c1ngeles. Posteriormente, el 4 de septiembre, el tour pasar\u00e1 por el estadio Soldier Field de Chicago (EE.UU.), antes de terminar el 15 del mismo mes con un concierto en Texas, en el AT&amp;T Stadium de Arlington (EE.UU.).<\/p>\n<p style=\"text-align: justify;\">Marco Antonio Sol\u00eds estar\u00e1 escoltado en esta esperada reuni\u00f3n de Los Bukis por su hermano, Jos\u00e9 Javier Sol\u00eds, su primo Joel Sol\u00eds, adem\u00e1s de Jos\u00e9 \u2018Pepe\u2019 Guadarrama, Roberto Guadarrama, Eusebio \u2018Chivo\u2019 Cort\u00e9s y Pedro S\u00e1nchez.<\/p>\n<p style=\"text-align: justify;\">La preventa de entradas para los conciertos de Una historia cantada comenzar\u00e1 este martes para quienes cuenten con una tarjeta de cr\u00e9dito de Citi.<\/p>\n<p style=\"text-align: justify;\">El p\u00fablico general podr\u00e1 adquirir sus entradas a partir del viernes 18 de junio en la web de la promotora Live Nation.<\/p>\n<p style=\"text-align: justify;\">Fundados en 1976 en Michoac\u00e1n (M\u00e9xico), Los Bukis alcanzaron el \u00e9xito en su pa\u00eds y a lo largo de toda Am\u00e9rica con una mezcla de m\u00fasica grupera, pop y baladas.<\/p>\n<p style=\"text-align: justify;\">Tu c\u00e1rcel, Qui\u00e9reme o Yo te necesito fueron algunas de las canciones m\u00e1s populares de este grupo que se separ\u00f3 en 1996 tras dos d\u00e9cadas juntos, lo que dio pie a que Marco Antonio Sol\u00eds comenzara su exitosa carrera en solitario.<\/p>\n<p style=\"text-align: justify;\">El \u00faltimo concierto que dieron Los Bukis antes de separarse fue el 18 de mayo de 1996 en Guadalajara (M\u00e9xico). Los rumores acerca de una posible gira de Los Bukis, tras m\u00e1s de un cuarto de siglo, crecieron en las \u00faltimas semanas despu\u00e9s de que Sol\u00eds invitara al resto de miembros de Los Bukis a actuar en su concierto virtual Bohemia en pandemia, que se celebr\u00f3 el pasado 9 de mayo. En ese evento digital, Los Bukis volvieron a interpretar juntos el tema <em>Tu c\u00e1rcel<\/em>.<\/p>\n","protected":false},"excerpt":{"rendered":"<p>] CIUDAD DE M\u00c9XICO. * 14 de junio de 2021. ) Efe. Luego de 25 a\u00f1os separados, la banda Los Bukis anunci\u00f3 este lunes, 14 de junio de 2021, una gira que recorrer\u00e1 Estados Unidos, entre agosto y septiembre, y en la que Marco Antonio Sol\u00eds volver\u00e1 a ponerse al frente del famoso grupo mexicano&#8230;.<\/p>\n","protected":false},"author":2,"featured_media":1229713,"comment_status":"closed","ping_status":"closed","sticky":false,"template":"","format":"standard","meta":{"footnotes":""},"categories":[18563,1988],"tags":[12073,12475,17422,17516],"class_list":["post-1229707","post","type-post","status-publish","format-standard","has-post-thumbnail","hentry","category-entretenimiento","category-lifestyles","tag-los-bukis","tag-marco-antonio-solis","tag-tu-carcel","tag-una-historia-cantada"],"_links":{"self":[{"href":"https:\/\/www.acapulcopress.com\/index.php\/wp-json\/wp\/v2\/posts\/1229707","targetHints":{"allow":["GET"]}}],"collection":[{"href":"https:\/\/www.acapulcopress.com\/index.php\/wp-json\/wp\/v2\/posts"}],"about":[{"href":"https:\/\/www.acapulcopress.com\/index.php\/wp-json\/wp\/v2\/types\/post"}],"author":[{"embeddable":true,"href":"https:\/\/www.acapulcopress.com\/index.php\/wp-json\/wp\/v2\/users\/2"}],"replies":[{"embeddable":true,"href":"https:\/\/www.acapulcopress.com\/index.php\/wp-json\/wp\/v2\/comments?post=1229707"}],"version-history":[{"count":0,"href":"https:\/\/www.acapulcopress.com\/index.php\/wp-json\/wp\/v2\/posts\/1229707\/revisions"}],"wp:featuredmedia":[{"embeddable":true,"href":"https:\/\/www.acapulcopress.com\/index.php\/wp-json\/"}],"wp:attachment":[{"href":"https:\/\/www.acapulcopress.com\/index.php\/wp-json\/wp\/v2\/media?parent=1229707"}],"wp:term":[{"taxonomy":"category","embeddable":true,"href":"https:\/\/www.acapulcopress.com\/index.php\/wp-json\/wp\/v2\/categories?post=1229707"},{"taxonomy":"post_tag","embeddable":true,"href":"https:\/\/www.acapulcopress.com\/index.php\/wp-json\/wp\/v2\/tags?post=1229707"}],"curies":[{"name":"wp","href":"https:\/\/api.w.org\/{rel}","templated":true}]}}