{"id":1229726,"date":"2021-06-15T17:54:35","date_gmt":"2021-06-15T22:54:35","guid":{"rendered":"https:\/\/www.acapulco.press\/?p=1229726"},"modified":"2021-06-15T17:54:35","modified_gmt":"2021-06-15T22:54:35","slug":"jorge-catalan-convoca-a-panistas-a-trabajar-con-miras-al-proceso-electoral-2024","status":"publish","type":"post","link":"https:\/\/www.acapulcopress.com\/index.php\/2021\/06\/15\/jorge-catalan-convoca-a-panistas-a-trabajar-con-miras-al-proceso-electoral-2024\/","title":{"rendered":"Jorge Catal\u00e1n convoca a panistas a trabajar con miras al proceso electoral 2024"},"content":{"rendered":"<p style=\"text-align: justify;\">] ACAPULCO. * 15 de junio de 2021.<br \/>\n<em>) Especial.<\/em><\/p>\n<p style=\"text-align: justify;\">Tras de realizar una an\u00e1lisis reflexivo y reconocer el trabajo desempe\u00f1ado por las estructuras panistas en las elecciones pasadas, el presidente del Comit\u00e9 Directivo Municipal del Partido Acci\u00f3n Nacional en Acapulco, Jorge Catal\u00e1n \u00c1vila, convoc\u00f3 a los panistas a enfocar la mirada en el proceso electoral del 2024 y a trabajar duro por llegar fortalecidos a ese objetivo.<\/p>\n<p style=\"text-align: justify;\">El dirigente panista inform\u00f3 que logaron conservar la mayor\u00eda de las presidencias municipales que ten\u00edan antes del 6 junio y que aunque perdieron Taxco son cinco los municipios que ser\u00e1n gobernados por Acci\u00f3n Nacional en Guerrero.<\/p>\n<p style=\"text-align: justify;\">Adem\u00e1s, revel\u00f3 que los votos obtenidos fueron suficientes para que se cuente con una diputaci\u00f3n federal a favor, la cual ser\u00e1 ocupada por una mujer, por cuestiones de paridad de g\u00e9nero.<\/p>\n<p style=\"text-align: justify;\">Respecto a Acapulco, Catal\u00e1n \u00c1vila expuso que no contar\u00e1n con ninguna representaci\u00f3n; sin embargo, \u00abno es momento de se\u00f1alar culpables\u00bb, no obstante, \u00abcreo que si de asumir responsabilidades se trata, yo pienso que es tiempo de hacer un ejercicio profundo de reflexi\u00f3n, para ver de d\u00f3nde venimos y lo m\u00e1s importante, hacia d\u00f3nde vamos\u00bb, complement\u00f3.<\/p>\n<p style=\"text-align: justify;\">\u00abLa elecci\u00f3n del a\u00f1o 2024 est\u00e1 a la vuelta de la esquina y debemos de llegar a ella competitivos, con un rostro renovado, abriendo las puertas a todos los ciudadanos, facilitar la incorporaci\u00f3n al partido a todo el que guste, pues al final de cuentas Acci\u00f3n Nacional es una entidad de inter\u00e9s p\u00fablico, con financiamiento federal, y no un club de amigos que tratan de conservar su coto de poder\u00bb, subray\u00f3.<\/p>\n<p style=\"text-align: justify;\">El dirigente\u00a0 panista dijo que \u00abvienen tiempos de reestructuraci\u00f3n y aprendizaje, por lo que el resultado negativo obtenido obliga a ser mejores, a depurar a Acci\u00f3n Nacional desde adentro y, ahora m\u00e1s que nunca, apegarse a los principios de esta Instituci\u00f3n.\u00bb<\/p>\n<p style=\"text-align: justify;\">Cambiar el rumbo \u00abes vital si queremos imaginarnos como una opci\u00f3n viable, para 2024 y 2027\u00bb, enfatiz\u00f3 Catal\u00e1n \u00c1vila, quien advirti\u00f3 que\u00a0 \u00abel d\u00eda es hoy, el momento es ahora, si queremos ver los resultados en esta generaci\u00f3n. Si no, continuaremos en el camino al precipicio\u00bb.<\/p>\n<p style=\"text-align: justify;\">Sobre su postura personal, suscribi\u00f3 que seguir\u00e1 siendo cr\u00edtico del gobierno federal, estatal y municipal, sin cerrarse al di\u00e1logo y la b\u00fasqueda de consensos.<\/p>\n<p style=\"text-align: justify;\">A los ganadores de las elecciones en el Estado y el municipio, el dirigente panista les pidi\u00f3 y exigi\u00f3, que gobiernen con visi\u00f3n de estado, para todos los guerrerenses y los acapulque\u00f1os.<\/p>\n<p style=\"text-align: justify;\">Jorge Catal\u00e1n dej\u00f3 claro que como oposici\u00f3n se tendr\u00e1 que dar la batalla de manera unida para recuperar a nuestro M\u00e9xico; por ello, al interior del partido tambi\u00e9n deben estar unidos.\u00a0 Finalmente hizo un llamado a la reconciliaci\u00f3n, a la unidad interna y a un gran pacto hacia el interior del partido, \u00abpor amor a M\u00e9xico\u00bb.<\/p>\n","protected":false},"excerpt":{"rendered":"<p>] ACAPULCO. * 15 de junio de 2021. ) Especial. Tras de realizar una an\u00e1lisis reflexivo y reconocer el trabajo desempe\u00f1ado por las estructuras panistas en las elecciones pasadas, el presidente del Comit\u00e9 Directivo Municipal del Partido Acci\u00f3n Nacional en Acapulco, Jorge Catal\u00e1n \u00c1vila, convoc\u00f3 a los panistas a enfocar la mirada en el proceso&#8230;<\/p>\n","protected":false},"author":2,"featured_media":1229727,"comment_status":"closed","ping_status":"closed","sticky":false,"template":"","format":"standard","meta":{"footnotes":""},"categories":[18561,2009],"tags":[10890,14269],"class_list":["post-1229726","post","type-post","status-publish","format-standard","has-post-thumbnail","hentry","category-society-politics","category-politics","tag-jorge-catalan-avila","tag-partido-accion-nacional-pan"],"_links":{"self":[{"href":"https:\/\/www.acapulcopress.com\/index.php\/wp-json\/wp\/v2\/posts\/1229726","targetHints":{"allow":["GET"]}}],"collection":[{"href":"https:\/\/www.acapulcopress.com\/index.php\/wp-json\/wp\/v2\/posts"}],"about":[{"href":"https:\/\/www.acapulcopress.com\/index.php\/wp-json\/wp\/v2\/types\/post"}],"author":[{"embeddable":true,"href":"https:\/\/www.acapulcopress.com\/index.php\/wp-json\/wp\/v2\/users\/2"}],"replies":[{"embeddable":true,"href":"https:\/\/www.acapulcopress.com\/index.php\/wp-json\/wp\/v2\/comments?post=1229726"}],"version-history":[{"count":0,"href":"https:\/\/www.acapulcopress.com\/index.php\/wp-json\/wp\/v2\/posts\/1229726\/revisions"}],"wp:featuredmedia":[{"embeddable":true,"href":"https:\/\/www.acapulcopress.com\/index.php\/wp-json\/"}],"wp:attachment":[{"href":"https:\/\/www.acapulcopress.com\/index.php\/wp-json\/wp\/v2\/media?parent=1229726"}],"wp:term":[{"taxonomy":"category","embeddable":true,"href":"https:\/\/www.acapulcopress.com\/index.php\/wp-json\/wp\/v2\/categories?post=1229726"},{"taxonomy":"post_tag","embeddable":true,"href":"https:\/\/www.acapulcopress.com\/index.php\/wp-json\/wp\/v2\/tags?post=1229726"}],"curies":[{"name":"wp","href":"https:\/\/api.w.org\/{rel}","templated":true}]}}