{"id":1229733,"date":"2021-06-15T18:06:53","date_gmt":"2021-06-15T23:06:53","guid":{"rendered":"https:\/\/www.acapulco.press\/?p=1229733"},"modified":"2021-06-15T18:06:53","modified_gmt":"2021-06-15T23:06:53","slug":"fge-logra-50-anos-de-carcel-contra-banda-de-secuestradores-de-ometepec","status":"publish","type":"post","link":"https:\/\/www.acapulcopress.com\/index.php\/2021\/06\/15\/fge-logra-50-anos-de-carcel-contra-banda-de-secuestradores-de-ometepec\/","title":{"rendered":"FGE logra 50 a\u00f1os de c\u00e1rcel contra banda de secuestradores de Ometepec"},"content":{"rendered":"<p style=\"text-align: justify;\">] CHILPANCINGO. * 15 de junio de 2021.<br \/>\n<em>)<a href=\"https:\/\/fiscaliaguerrero.gob.mx\" target=\"_blank\" rel=\"noopener\"> https:\/\/fiscaliaguerrero.gob.mx<\/a>.<\/em><\/p>\n<p style=\"text-align: justify;\">La Fiscal\u00eda General del Estado logr\u00f3 del Tribunal de Enjuiciamiento Penal de Abasolo, la sentencia condenatoria de 50 a\u00f1os de prisi\u00f3n en contra de Abraham \u00abN\u00bb, Juan Carlos \u00abN\u00bb, Jos\u00e9 Antonio \u00abN\u00bb y Juana M\u00f3nica, como responsables del delito de secuestro agravado, de menor de edad en Ometepec.<\/p>\n<p style=\"text-align: justify;\">De acuerdo a la carpeta judicial C-04\/2019, a la menor la llevaban a la escuela el d\u00eda 16 de enero de 2019, a bordo de una motocicleta cuando fue interceptada para trasladarla a una casa de seguridaad y, en seguida, exigir un pago monetario por su rescate.<\/p>\n<p style=\"text-align: justify;\">Derivado de lo anterior y mediante trabajo de inteligencia, agentes del Grupo Antisecuestro lograron la ubicaci\u00f3n del inmueble, se detuvo a los probables responsables y se rescat\u00f3 a la menor v\u00edctima.<\/p>\n<p style=\"text-align: justify;\">Despu\u00e9s de varias etapas procesales en juicio oral, el Tribunal de Enjuiciamiento Penal emiti\u00f3 el fallo condenatorio en contra de los imputados, conden\u00e1ndolos a 50 a\u00f1os de prisi\u00f3n, adem\u00e1s tendr\u00e1n que pagar una multa, quedando todos internos en el Centro de Reinserci\u00f3n Social de Ometepec, Guerrero.<\/p>\n","protected":false},"excerpt":{"rendered":"<p>] CHILPANCINGO. * 15 de junio de 2021. ) https:\/\/fiscaliaguerrero.gob.mx. La Fiscal\u00eda General del Estado logr\u00f3 del Tribunal de Enjuiciamiento Penal de Abasolo, la sentencia condenatoria de 50 a\u00f1os de prisi\u00f3n en contra de Abraham \u00abN\u00bb, Juan Carlos \u00abN\u00bb, Jos\u00e9 Antonio \u00abN\u00bb y Juana M\u00f3nica, como responsables del delito de secuestro agravado, de menor de&#8230;<\/p>\n","protected":false},"author":2,"featured_media":1229734,"comment_status":"closed","ping_status":"closed","sticky":false,"template":"","format":"standard","meta":{"footnotes":""},"categories":[18561,2005],"tags":[8709,10946,14737],"class_list":["post-1229733","post","type-post","status-publish","format-standard","has-post-thumbnail","hentry","category-society-politics","category-seguridad-y-justicia","tag-fiscalia-general-del-estado-e-guerrero-fgegro","tag-jorge-zuriel-de-los-santos-barrila","tag-policia-ministerial-de-guerrero"],"_links":{"self":[{"href":"https:\/\/www.acapulcopress.com\/index.php\/wp-json\/wp\/v2\/posts\/1229733","targetHints":{"allow":["GET"]}}],"collection":[{"href":"https:\/\/www.acapulcopress.com\/index.php\/wp-json\/wp\/v2\/posts"}],"about":[{"href":"https:\/\/www.acapulcopress.com\/index.php\/wp-json\/wp\/v2\/types\/post"}],"author":[{"embeddable":true,"href":"https:\/\/www.acapulcopress.com\/index.php\/wp-json\/wp\/v2\/users\/2"}],"replies":[{"embeddable":true,"href":"https:\/\/www.acapulcopress.com\/index.php\/wp-json\/wp\/v2\/comments?post=1229733"}],"version-history":[{"count":0,"href":"https:\/\/www.acapulcopress.com\/index.php\/wp-json\/wp\/v2\/posts\/1229733\/revisions"}],"wp:featuredmedia":[{"embeddable":true,"href":"https:\/\/www.acapulcopress.com\/index.php\/wp-json\/"}],"wp:attachment":[{"href":"https:\/\/www.acapulcopress.com\/index.php\/wp-json\/wp\/v2\/media?parent=1229733"}],"wp:term":[{"taxonomy":"category","embeddable":true,"href":"https:\/\/www.acapulcopress.com\/index.php\/wp-json\/wp\/v2\/categories?post=1229733"},{"taxonomy":"post_tag","embeddable":true,"href":"https:\/\/www.acapulcopress.com\/index.php\/wp-json\/wp\/v2\/tags?post=1229733"}],"curies":[{"name":"wp","href":"https:\/\/api.w.org\/{rel}","templated":true}]}}