{"id":1229754,"date":"2021-06-15T19:10:08","date_gmt":"2021-06-16T00:10:08","guid":{"rendered":"https:\/\/www.acapulco.press\/?p=1229754"},"modified":"2021-06-15T19:10:08","modified_gmt":"2021-06-16T00:10:08","slug":"agradece-gobernador-a-instituciones-participantes-en-combate-a-pandemia","status":"publish","type":"post","link":"https:\/\/www.acapulcopress.com\/index.php\/2021\/06\/15\/agradece-gobernador-a-instituciones-participantes-en-combate-a-pandemia\/","title":{"rendered":"Agradece Gobernador a instituciones participantes en combate a pandemia"},"content":{"rendered":"<p style=\"text-align: justify;\"><img loading=\"lazy\" decoding=\"async\" class=\"alignnone wp-image-1229758 \" src=\"https:\/\/www.acapulco.press\/wp-content\/uploads\/2021\/06\/HAF-COVIDGRO2.jpg\" alt=\"\" width=\"804\" height=\"476\" \/><\/p>\n<p style=\"text-align: justify;\">] CHILPANCINGO. * 15 de junio de 2021.<br \/>\n) Gobierno de Guerrero.<\/p>\n<p style=\"text-align: justify;\">A nombre de las autoridades de la Mesa de Coordinaci\u00f3n para la Construcci\u00f3n de la Paz, el gobernador H\u00e9ctor Astudillo Flores, expres\u00f3 su reconocimiento a las instituciones que han participado en el combate a la pandemia por COVID-19 y en el proceso de vacunaci\u00f3n contra este padecimiento que no ha desaparecido pero actualmente Guerrero se encuentra en sem\u00e1foro epidemiol\u00f3gico verde considerado de bajo riesgo.<\/p>\n<p style=\"text-align: justify;\">\u00abEn esta Mesa de Coordinaci\u00f3n Estatal, hago un reconocimiento a la Defensa Nacional, Marina Armada de M\u00e9xico, Guardia Nacional, Seguro Social, ISSSTE, Polic\u00eda Estatal Secretar\u00eda de Salud y todo el equipo de hombres y mujeres que han ayudado y vacunado, a la Secretar\u00eda del Bienestar, al delegado federal Iv\u00e1n Hern\u00e1ndez, a todos\u00bb, expres\u00f3 Astudillo Flores.<\/p>\n<p style=\"text-align: justify;\">Manifest\u00f3 al secretario de Salud en Guerrero, Carlos de la Pe\u00f1a Pintos, \u00abdecirte Carlos, que el gobernador es el primero en reconocerte tu entrega, tu emoci\u00f3n, tu alto sentido de responsabilidad y que seas el conducto para expresarle a todo el equipo de la Secretar\u00eda de Salud este reconocimiento que hace el gobernador a nombre de todos los integrantes de la Mesa de Coordinaci\u00f3n para la Construcci\u00f3n de la Paz\u00bb.<\/p>\n<p style=\"text-align: justify;\">Luego de recordar que su gobierno realiz\u00f3 405 transmisiones de manera ininterrumpida para informar a los guerrerenses sobre la actualizaci\u00f3n por el COVID-19, puntualiz\u00f3 que la pandemia no ha desaparecido, pero Guerrero ha avanzado a una condici\u00f3n diferente y los lunes y jueves se realizar\u00e1 reuniones para informar sobre la pandemia y el programa de vacunaci\u00f3n.<\/p>\n<p style=\"text-align: justify;\">Por su parte, el delegado Federal en Guerrero, Iv\u00e1n Hern\u00e1ndez D\u00edaz, inform\u00f3 que este martes en Acapulco, inicia la aplicaci\u00f3n de la segunda dosis para la poblaci\u00f3n de 50 a 59 a\u00f1os de edad, mientras que en la zona Centro continuar\u00e1 la vacunaci\u00f3n contra COVID-19 en este mismo rango de edad y se contin\u00faa vacunando a personal de Salud y mujeres embarazadas.<\/p>\n<p style=\"text-align: justify;\">En la sesi\u00f3n de trabajo, H\u00e9ctor Astudillo dio seguimiento a las incidencias delictivas registradas durante las \u00faltimas 24, as\u00ed como los resultados de los operativos de seguridad en las siete regiones del estado.<\/p>\n<p style=\"text-align: justify;\">El secretario de Seguridad P\u00fablica, David Portillo Menchaca, inform\u00f3 que los municipios prioritarios como Taxco, Zihuatanejo y Chilpancingo, mantienen indicadores delictivos a la baja con una disminuci\u00f3n del 38.46 por ciento, 50 por ciento y 48.14 por ciento, respectivamente, mientras que en el consolidado general Guerrero mantiene una reducci\u00f3n del 12.77 por ciento durante los primeros cinco meses del 2021 en comparaci\u00f3n con el mismo periodo del a\u00f1o anterior.<\/p>\n<p style=\"text-align: justify;\">Por su parte, el fiscal General del Estado, Jorge Zuriel de los Santos Barrila, inform\u00f3 que avanzan las investigaciones en todos los homicidios dolosos registrados en la entidad, como en el caso de los dos comerciantes del mercado de la colonia Progreso de Acapulco.<\/p>\n<p style=\"text-align: justify;\">El secretario de Protecci\u00f3n Civil, Marco C\u00e9sar Mayares Salvador, inform\u00f3 que durante las pr\u00f3ximas horas se presentar\u00e1n lluvias de moderadas a fuertes en la mayor parte del territorio estatal, por lo que llam\u00f3 a la poblaci\u00f3n extremar precauciones, en especial a quienes habitan en zonas de alto riesgo.<\/p>\n<p style=\"text-align: justify;\">Estuvieron presentes el secretario General de Gobierno, Florencio Salazar Adame; el comandante de la 27 zona Militar, Federico San Juan Rosales; el comandante de la 35 zona Militar, Miguel \u00c1ngel Aguirre Lara; el coordinador Estatal de la Guardia Nacional, Lucio Vergara G\u00f3mez; as\u00ed como los representantes de la Novena Regi\u00f3n Militar y de la Octava Regi\u00f3n Naval.<\/p>\n<p style=\"text-align: justify;\">El delegado de la FGR, Fernando Garc\u00eda Fern\u00e1ndez; el representante del Centro Nacional de Inteligencia, Juan Gabriel Sosa Pintos; el presidente de Coparmex Chilpancingo, Joel Moreno Temelo; el subsecretario de Asuntos Pol\u00edticos, Mart\u00edn Maldonado del Moral; el secretario de Finanzas y Administraci\u00f3n, Tulio P\u00e9rez Calvo, entre otros funcionarios estatales y federales.<\/p>\n","protected":false},"excerpt":{"rendered":"<p>] CHILPANCINGO. * 15 de junio de 2021. ) Gobierno de Guerrero. A nombre de las autoridades de la Mesa de Coordinaci\u00f3n para la Construcci\u00f3n de la Paz, el gobernador H\u00e9ctor Astudillo Flores, expres\u00f3 su reconocimiento a las instituciones que han participado en el combate a la pandemia por COVID-19 y en el proceso de&#8230;<\/p>\n","protected":false},"author":2,"featured_media":1229757,"comment_status":"closed","ping_status":"closed","sticky":false,"template":"","format":"standard","meta":{"footnotes":""},"categories":[1983,18561],"tags":[6705,9302,9705,12964,16426],"class_list":["post-1229754","post","type-post","status-publish","format-standard","has-post-thumbnail","hentry","category-guerrerogob","category-society-politics","tag-covid19","tag-gobierno-de-guerrero","tag-hector-astudillo-flores","tag-mesa-de-coordinacion-para-la-construccion-de-la-paz","tag-semaforo-epidemiologico-covid19"],"_links":{"self":[{"href":"https:\/\/www.acapulcopress.com\/index.php\/wp-json\/wp\/v2\/posts\/1229754","targetHints":{"allow":["GET"]}}],"collection":[{"href":"https:\/\/www.acapulcopress.com\/index.php\/wp-json\/wp\/v2\/posts"}],"about":[{"href":"https:\/\/www.acapulcopress.com\/index.php\/wp-json\/wp\/v2\/types\/post"}],"author":[{"embeddable":true,"href":"https:\/\/www.acapulcopress.com\/index.php\/wp-json\/wp\/v2\/users\/2"}],"replies":[{"embeddable":true,"href":"https:\/\/www.acapulcopress.com\/index.php\/wp-json\/wp\/v2\/comments?post=1229754"}],"version-history":[{"count":0,"href":"https:\/\/www.acapulcopress.com\/index.php\/wp-json\/wp\/v2\/posts\/1229754\/revisions"}],"wp:featuredmedia":[{"embeddable":true,"href":"https:\/\/www.acapulcopress.com\/index.php\/wp-json\/"}],"wp:attachment":[{"href":"https:\/\/www.acapulcopress.com\/index.php\/wp-json\/wp\/v2\/media?parent=1229754"}],"wp:term":[{"taxonomy":"category","embeddable":true,"href":"https:\/\/www.acapulcopress.com\/index.php\/wp-json\/wp\/v2\/categories?post=1229754"},{"taxonomy":"post_tag","embeddable":true,"href":"https:\/\/www.acapulcopress.com\/index.php\/wp-json\/wp\/v2\/tags?post=1229754"}],"curies":[{"name":"wp","href":"https:\/\/api.w.org\/{rel}","templated":true}]}}