{"id":1229791,"date":"2021-06-15T19:51:40","date_gmt":"2021-06-16T00:51:40","guid":{"rendered":"https:\/\/www.acapulco.press\/?p=1229791"},"modified":"2021-06-15T19:51:40","modified_gmt":"2021-06-16T00:51:40","slug":"grupos-vulnerables-ruta-de-trabajo-del-dif-guerrero-mercedes-calvo","status":"publish","type":"post","link":"https:\/\/www.acapulcopress.com\/index.php\/2021\/06\/15\/grupos-vulnerables-ruta-de-trabajo-del-dif-guerrero-mercedes-calvo\/","title":{"rendered":"Grupos vulnerables, ruta de trabajo del DIF Guerrero | Mercedes Calvo"},"content":{"rendered":"<p style=\"text-align: justify;\">] CHILPANCINGO. * 15 de junio de 2021.<br \/>\n<em>) Gobierno de Guerrero.<\/em><\/p>\n<p style=\"text-align: justify;\"><img loading=\"lazy\" decoding=\"async\" class=\"alignleft size-medium wp-image-1229795\" src=\"https:\/\/www.acapulco.press\/wp-content\/uploads\/2021\/06\/MERCEDES-DE-ASTUDILLO4-375x250.jpg\" alt=\"\" width=\"375\" height=\"250\" \/>En lo que va de la administraci\u00f3n, m\u00e1s de 17 mil guerrerenses han sido beneficiados con apoyos de aparatos funcionales por parte del DIF Guerrero, que encabeza su presidenta, Mercedes Calvo de Astudillo; con lo que se mantiene una ruta de trabajo a favor de quienes m\u00e1s lo necesitan, a trav\u00e9s de la entrega de aparatos funcionales.<\/p>\n<p style=\"text-align: justify;\">En este contexto, la titular del DIF Guerrero hizo entrega de andaderas, bastones, muletas y sillas de ruedas a habitantes del municipio de Tixtla. Adem\u00e1s de jornadas m\u00e9dicas, con lo que se atiende de manera integral a la poblaci\u00f3n.<\/p>\n<p style=\"text-align: justify;\"><img loading=\"lazy\" decoding=\"async\" class=\"alignleft size-medium wp-image-1229793\" src=\"https:\/\/www.acapulco.press\/wp-content\/uploads\/2021\/06\/MERCEDES-DE-ASTUDILLO2-375x250.jpg\" alt=\"\" width=\"375\" height=\"250\" \/>Ante los beneficiarios Mercedes Calvo destac\u00f3 que todo este trabajo se ha logrado gracias a las gestiones del gobernador H\u00e9ctor Astudillo, quien en todo momento ha priorizado la obtenci\u00f3n de recursos para la atenci\u00f3n de quienes m\u00e1s lo necesitan.<\/p>\n<p style=\"text-align: justify;\">Enfatiz\u00f3 que durante estos casi seis a\u00f1os de administraci\u00f3n, el DIF Guerrero ha atendido puntualmente a las siete regiones del estado, mediante apoyos diversos, adem\u00e1s de la entrega de medicamentos gratuitos y las jornadas detecci\u00f3n oportuna de c\u00e1ncer, entre otras acciones.<\/p>\n<p style=\"text-align: justify;\"><img loading=\"lazy\" decoding=\"async\" class=\"alignleft size-medium wp-image-1229792\" src=\"https:\/\/www.acapulco.press\/wp-content\/uploads\/2021\/06\/MERCEDES-DE-ASTUDILLO-375x250.jpg\" alt=\"\" width=\"375\" height=\"250\" \/>\u00abHemos procurado dar la mejor atenci\u00f3n a toda nuestra gente, estos beneficios se logran gracias a un esfuerzo conjunto, hoy estamos casi por terminar est\u00e1 administraci\u00f3n, pero trabajaremos hasta el \u00faltimo momento beneficiando a los nuestros\u00bb, se\u00f1al\u00f3.<\/p>\n<p style=\"text-align: justify;\">Por \u00faltimo, mencion\u00f3 que la coordinaci\u00f3n de esfuerzos ha sido un factor fundamental para seguir adelante y de manera exitosa en esta tarea conjunta.<\/p>\n","protected":false},"excerpt":{"rendered":"<p>] CHILPANCINGO. * 15 de junio de 2021. ) Gobierno de Guerrero. En lo que va de la administraci\u00f3n, m\u00e1s de 17 mil guerrerenses han sido beneficiados con apoyos de aparatos funcionales por parte del DIF Guerrero, que encabeza su presidenta, Mercedes Calvo de Astudillo; con lo que se mantiene una ruta de trabajo a&#8230;<\/p>\n","protected":false},"author":2,"featured_media":1229794,"comment_status":"closed","ping_status":"closed","sticky":false,"template":"","format":"standard","meta":{"footnotes":""},"categories":[1972],"tags":[],"class_list":["post-1229791","post","type-post","status-publish","format-standard","has-post-thumbnail","hentry","category-special"],"_links":{"self":[{"href":"https:\/\/www.acapulcopress.com\/index.php\/wp-json\/wp\/v2\/posts\/1229791","targetHints":{"allow":["GET"]}}],"collection":[{"href":"https:\/\/www.acapulcopress.com\/index.php\/wp-json\/wp\/v2\/posts"}],"about":[{"href":"https:\/\/www.acapulcopress.com\/index.php\/wp-json\/wp\/v2\/types\/post"}],"author":[{"embeddable":true,"href":"https:\/\/www.acapulcopress.com\/index.php\/wp-json\/wp\/v2\/users\/2"}],"replies":[{"embeddable":true,"href":"https:\/\/www.acapulcopress.com\/index.php\/wp-json\/wp\/v2\/comments?post=1229791"}],"version-history":[{"count":0,"href":"https:\/\/www.acapulcopress.com\/index.php\/wp-json\/wp\/v2\/posts\/1229791\/revisions"}],"wp:featuredmedia":[{"embeddable":true,"href":"https:\/\/www.acapulcopress.com\/index.php\/wp-json\/"}],"wp:attachment":[{"href":"https:\/\/www.acapulcopress.com\/index.php\/wp-json\/wp\/v2\/media?parent=1229791"}],"wp:term":[{"taxonomy":"category","embeddable":true,"href":"https:\/\/www.acapulcopress.com\/index.php\/wp-json\/wp\/v2\/categories?post=1229791"},{"taxonomy":"post_tag","embeddable":true,"href":"https:\/\/www.acapulcopress.com\/index.php\/wp-json\/wp\/v2\/tags?post=1229791"}],"curies":[{"name":"wp","href":"https:\/\/api.w.org\/{rel}","templated":true}]}}