{"id":1229802,"date":"2021-06-15T20:35:02","date_gmt":"2021-06-16T01:35:02","guid":{"rendered":"https:\/\/www.acapulco.press\/?p=1229802"},"modified":"2021-06-15T20:35:02","modified_gmt":"2021-06-16T01:35:02","slug":"identificacion-de-normalista-demuestra-que-pgr-mintio-centro-prodh","status":"publish","type":"post","link":"https:\/\/www.acapulcopress.com\/index.php\/2021\/06\/15\/identificacion-de-normalista-demuestra-que-pgr-mintio-centro-prodh\/","title":{"rendered":"Identificaci\u00f3n de normalista demuestra que PGR minti\u00f3: Centro Prodh"},"content":{"rendered":"<p style=\"text-align: justify;\">] CIUDAD DE M\u00c9XICO. * 15 de junio de 2021.<br \/>\n<em>) Latinus.<\/em><\/p>\n<p style=\"text-align: justify;\">El Centro de Derechos Humanos Miguel Agust\u00edn Pro Ju\u00e1rez afirm\u00f3 este martes que, con la identificaci\u00f3n de un resto \u00f3seo del normalista de Ayotzinapa, Jhosivani Guerrero, en un lugar distinto al que se plante\u00f3 en la versi\u00f3n oficial de la entonces Procuradur\u00eda General de la Rep\u00fablica (PGR), se confirma que el gobierno mexicano le minti\u00f3 a las familias y a M\u00e9xico a trav\u00e9s de la conocida como \u201cverdad hist\u00f3rica\u201c.<\/p>\n<p style=\"text-align: justify;\">En su cuenta de Twitter, el Centro Prodh indic\u00f3 que el nuevo hallazgo tambi\u00e9n recuerda que sigue pendiente avanzar en las investigaciones hasta \u201cllegar a la verdad y sancionar a los responsables de la desaparici\u00f3n de los 43 de Ayotzinapa y a los responsables de la manipulaci\u00f3n (de los hechos)\u201d.<\/p>\n<p style=\"text-align: justify;\">Record\u00f3 que, en 2015, las autoridades pretendieron dar por identificado a Jhosivani Guerrero sin que los valores de los resultados gen\u00e9ticos fueran suficientes. \u201cT\u00e9cnicamente, es falso que ya hubiera sido identificado\u201d, se\u00f1al\u00f3 el Centro Prodh.<\/p>\n<p style=\"text-align: justify;\">En aquel a\u00f1o, la PGR estaba a cargo de Jes\u00fas Murillo Karam, quien asegur\u00f3: \u201c\u00c9sta es la verdad hist\u00f3rica de los hechos, basada en las pruebas aportadas por la ciencia, como se muestra en el expediente, y que ha permitido ejercitar acci\u00f3n penal en contra de los 99 involucrados, que han sido detenidos hasta hoy\u201d. Seg\u00fan \u00e9l, los 43 fueron secuestrados, incinerados y arrojados en cenizas al R\u00edo San Juan.<\/p>\n<p style=\"text-align: justify;\">\u201cLas familias de los desaparecidos tienen derecho a la verdad. Este hallazgo muestra que la identificaci\u00f3n gen\u00e9tica es posible, incluso a pesar del paso del tiempo. Necesitamos mecanismos extraordinarios, masivos y con recursos para atender el rezago forense\u201d, a\u00f1adi\u00f3.<\/p>\n<p style=\"text-align: justify;\">Horas antes, Melit\u00f3n Ortega, vocero de los familiares de los 43 normalistas de Ayotzinapa, inform\u00f3 que el laboratorio de Innsbruck confirm\u00f3 el hallazgo de los restos de Jhosivani Guerrero, uno de los estudiantes desaparecidos el 26 de septiembre de 2014.<\/p>\n<p style=\"text-align: justify;\">Vidulfo Rosales, abogado de los padres de los normalistas, dijo que se trata de una v\u00e9rtebra lumbar que se encontr\u00f3 en la b\u00fasqueda que comenz\u00f3 en noviembre de 2019.<\/p>\n<p style=\"text-align: justify;\">El abogado dio a conocer el pasado 18 de febrero que los 16 restos humanos se enviaron a la Universidad de Innsbruck, en Austria, para su an\u00e1lisis gen\u00e9tico.<\/p>\n<p style=\"text-align: justify;\">\u201cLos resultados son contundentes, son restos que, como ustedes saben, hab\u00edan sido mandados a Innsbruck y que fueron encontrados en la Barranca de la Carnicer\u00eda en un periodo de b\u00fasqueda que tuvo ocasi\u00f3n desde noviembre del 2019 a la fecha que se han estado realizado b\u00fasquedas\u201d, refiri\u00f3<\/p>\n<p style=\"text-align: justify;\">Este hallazgo llega casi un a\u00f1o despu\u00e9s de la identificaci\u00f3n de Christian Alfonso Rodr\u00edguez, otro de los estudiantes, cuyos restos fueron encontrados en la misma barranca.<\/p>\n","protected":false},"excerpt":{"rendered":"<p>] CIUDAD DE M\u00c9XICO. * 15 de junio de 2021. ) Latinus. El Centro de Derechos Humanos Miguel Agust\u00edn Pro Ju\u00e1rez afirm\u00f3 este martes que, con la identificaci\u00f3n de un resto \u00f3seo del normalista de Ayotzinapa, Jhosivani Guerrero, en un lugar distinto al que se plante\u00f3 en la versi\u00f3n oficial de la entonces Procuradur\u00eda General&#8230;<\/p>\n","protected":false},"author":2,"featured_media":1229804,"comment_status":"closed","ping_status":"closed","sticky":false,"template":"","format":"standard","meta":{"footnotes":""},"categories":[1969],"tags":[5368,5499,14980,17788],"class_list":["post-1229802","post","type-post","status-publish","format-standard","has-post-thumbnail","hentry","category-trending","tag-caso-ayotzinapa","tag-centro-de-derechos-humanos-miguel-agustin-pro-juarez","tag-procuraduria-general-de-la-republica-pgr","tag-verdad-historica"],"_links":{"self":[{"href":"https:\/\/www.acapulcopress.com\/index.php\/wp-json\/wp\/v2\/posts\/1229802","targetHints":{"allow":["GET"]}}],"collection":[{"href":"https:\/\/www.acapulcopress.com\/index.php\/wp-json\/wp\/v2\/posts"}],"about":[{"href":"https:\/\/www.acapulcopress.com\/index.php\/wp-json\/wp\/v2\/types\/post"}],"author":[{"embeddable":true,"href":"https:\/\/www.acapulcopress.com\/index.php\/wp-json\/wp\/v2\/users\/2"}],"replies":[{"embeddable":true,"href":"https:\/\/www.acapulcopress.com\/index.php\/wp-json\/wp\/v2\/comments?post=1229802"}],"version-history":[{"count":0,"href":"https:\/\/www.acapulcopress.com\/index.php\/wp-json\/wp\/v2\/posts\/1229802\/revisions"}],"wp:featuredmedia":[{"embeddable":true,"href":"https:\/\/www.acapulcopress.com\/index.php\/wp-json\/"}],"wp:attachment":[{"href":"https:\/\/www.acapulcopress.com\/index.php\/wp-json\/wp\/v2\/media?parent=1229802"}],"wp:term":[{"taxonomy":"category","embeddable":true,"href":"https:\/\/www.acapulcopress.com\/index.php\/wp-json\/wp\/v2\/categories?post=1229802"},{"taxonomy":"post_tag","embeddable":true,"href":"https:\/\/www.acapulcopress.com\/index.php\/wp-json\/wp\/v2\/tags?post=1229802"}],"curies":[{"name":"wp","href":"https:\/\/api.w.org\/{rel}","templated":true}]}}