{"id":1229810,"date":"2021-06-15T21:00:24","date_gmt":"2021-06-16T02:00:24","guid":{"rendered":"https:\/\/www.acapulco.press\/?p=1229810"},"modified":"2021-06-15T21:00:24","modified_gmt":"2021-06-16T02:00:24","slug":"partidos-de-va-por-mexico-crean-union-de-alcaldias-de-ciudad-de-mexico","status":"publish","type":"post","link":"https:\/\/www.acapulcopress.com\/index.php\/2021\/06\/15\/partidos-de-va-por-mexico-crean-union-de-alcaldias-de-ciudad-de-mexico\/","title":{"rendered":"PAN y &#8216;Va por M\u00e9xico&#8217; crean la Uni\u00f3n de Alcald\u00edas de Ciudad de M\u00e9xico"},"content":{"rendered":"<p style=\"text-align: justify;\">] CIUDAD DE M\u00c9XICO. * 15 de junio de 2021.<br \/>\n<em>) Comunicado.<\/em><\/p>\n<p style=\"text-align: justify;\">Los gobiernos emanados del PAN y la coalici\u00f3n<em> Va por M\u00e9xico<\/em> proteger\u00e1n el patrimonio y el ingreso familiar con pol\u00edticas p\u00fablicas que promuevan la inversi\u00f3n y la generaci\u00f3n de empleos, tambi\u00e9n tendr\u00e1n como prioridad mejorar la seguridad p\u00fablica y los servicios de salud y educaci\u00f3n, as\u00ed como ejercer su mandato con honestidad y transparencia.<\/p>\n<p style=\"text-align: justify;\">As\u00ed lo expres\u00f3 el dirigente de Acci\u00f3n Nacional, Marko Cort\u00e9s Mendoza, al celebrar la creaci\u00f3n de la Uni\u00f3n de Alcald\u00edas de la Ciudad de M\u00e9xico en la que participar\u00e1n los alcaldes y alcaldesas electos por la Coalici\u00f3n Va por M\u00e9xico de la capital del pa\u00eds.<\/p>\n<p style=\"text-align: justify;\">\u00abUsaremos nuestra fuerza legislativa a nivel federal y local, la de nuestros alcaldes y presidentes municipales de las principales ciudades y capitales del pa\u00eds, as\u00ed como los gobiernos estatales emanados de Acci\u00f3n Nacional para impulsar las pol\u00edticas p\u00fablicas que respondan a las necesidades b\u00e1sicas de la poblaci\u00f3n\u00bb, agreg\u00f3.<\/p>\n<p style=\"text-align: justify;\">\u00abNuestra mejor carta de presentaci\u00f3n ante la ciudadan\u00eda ser\u00e1n nuestros buenos gobiernos y sus resultados\u00bb, dijo Cort\u00e9s Mendoza.<\/p>\n<p style=\"text-align: justify;\">Al pasar de 35 a 46 millones de mexicanas y mexicanos gobernados por Acci\u00f3n Nacional tras las elecciones del 6 de junio, los gobiernos estatales y municipales emanados de Acci\u00f3n Nacional reforzar\u00e1n sus estrategias en materia econ\u00f3mica y tambi\u00e9n tendr\u00e1n como prioridad mejorar la seguridad p\u00fablica y los servicios de salud y educaci\u00f3n.<\/p>\n<p style=\"text-align: justify;\">Asimismo, tienen el compromiso de ejercer su mandato con honestidad, transparencia y rendici\u00f3n de cuentas, pues son estos elementos los que dan confianza y buenos resultados para la gente, como se ha comprobado en donde gobierna Acci\u00f3n Nacional.<\/p>\n<p style=\"text-align: justify;\">Acci\u00f3n Nacional gobernar\u00e1 a 11 millones de mexicanos m\u00e1s a partir de la elecci\u00f3n del 6 de junio, pues a los 23.2 millones de los 8 estados de Aguascalientes, Chihuahua, Durango, Guanajuato, Quer\u00e9taro, Quintana Roo, Tamaulipas y Yucat\u00e1n, se suman los 22. 6 millones de los ayuntamientos de Ciudad de M\u00e9xico, y los municipios del Estado de M\u00e9xico, Morelos, Puebla, Michoac\u00e1n, Sonora, entre muchos otros del pa\u00eds, con los cuales llega a un total de 46 millones de mexicanos gobernados.<\/p>\n<p style=\"text-align: justify;\">\u00abEn Acci\u00f3n Nacional estamos conscientes que nuestra mejor carta de presentaci\u00f3n ante los ciudadanos son nuestros buenos gobiernos y sus resultados. Ese es nuestro mayor compromiso con las y los mexicanos. Y vamos a cumplir, no les vamos a fallar\u00bb, concluy\u00f3.<\/p>\n","protected":false},"excerpt":{"rendered":"<p>] CIUDAD DE M\u00c9XICO. * 15 de junio de 2021. ) Comunicado. Los gobiernos emanados del PAN y la coalici\u00f3n Va por M\u00e9xico proteger\u00e1n el patrimonio y el ingreso familiar con pol\u00edticas p\u00fablicas que promuevan la inversi\u00f3n y la generaci\u00f3n de empleos, tambi\u00e9n tendr\u00e1n como prioridad mejorar la seguridad p\u00fablica y los servicios de salud&#8230;<\/p>\n","protected":false},"author":2,"featured_media":1229811,"comment_status":"closed","ping_status":"closed","sticky":false,"template":"","format":"standard","meta":{"footnotes":""},"categories":[1969],"tags":[2540,12460,14269,17582],"class_list":["post-1229810","post","type-post","status-publish","format-standard","has-post-thumbnail","hentry","category-trending","tag-va-por-mexico","tag-marcko-cortes-mendoza","tag-partido-accion-nacional-pan","tag-union-de-alcaldias-de-la-ciudad-de-mexico"],"_links":{"self":[{"href":"https:\/\/www.acapulcopress.com\/index.php\/wp-json\/wp\/v2\/posts\/1229810","targetHints":{"allow":["GET"]}}],"collection":[{"href":"https:\/\/www.acapulcopress.com\/index.php\/wp-json\/wp\/v2\/posts"}],"about":[{"href":"https:\/\/www.acapulcopress.com\/index.php\/wp-json\/wp\/v2\/types\/post"}],"author":[{"embeddable":true,"href":"https:\/\/www.acapulcopress.com\/index.php\/wp-json\/wp\/v2\/users\/2"}],"replies":[{"embeddable":true,"href":"https:\/\/www.acapulcopress.com\/index.php\/wp-json\/wp\/v2\/comments?post=1229810"}],"version-history":[{"count":0,"href":"https:\/\/www.acapulcopress.com\/index.php\/wp-json\/wp\/v2\/posts\/1229810\/revisions"}],"wp:featuredmedia":[{"embeddable":true,"href":"https:\/\/www.acapulcopress.com\/index.php\/wp-json\/"}],"wp:attachment":[{"href":"https:\/\/www.acapulcopress.com\/index.php\/wp-json\/wp\/v2\/media?parent=1229810"}],"wp:term":[{"taxonomy":"category","embeddable":true,"href":"https:\/\/www.acapulcopress.com\/index.php\/wp-json\/wp\/v2\/categories?post=1229810"},{"taxonomy":"post_tag","embeddable":true,"href":"https:\/\/www.acapulcopress.com\/index.php\/wp-json\/wp\/v2\/tags?post=1229810"}],"curies":[{"name":"wp","href":"https:\/\/api.w.org\/{rel}","templated":true}]}}