{"id":1229838,"date":"2021-06-15T22:05:00","date_gmt":"2021-06-16T03:05:00","guid":{"rendered":"https:\/\/www.acapulco.press\/?p=1229838"},"modified":"2021-06-15T22:05:00","modified_gmt":"2021-06-16T03:05:00","slug":"scjn-otorga-suspension-a-ift-contra-padron-de-celulares","status":"publish","type":"post","link":"https:\/\/www.acapulcopress.com\/index.php\/2021\/06\/15\/scjn-otorga-suspension-a-ift-contra-padron-de-celulares\/","title":{"rendered":"SCJN otorga suspensi\u00f3n a IFT contra padr\u00f3n de celulares"},"content":{"rendered":"<p style=\"text-align: justify;\">] CIUDAD DE M\u00c9XICO. * 15 de junio de 2021.<br \/>\n<em>) Forbes.<\/em><\/p>\n<p style=\"text-align: justify;\">Luego de que en mayo pasado Instituto Federal de Telecomunicaciones (IFT) interpuso una controversia constitucional contra el Padr\u00f3n Nacional de Usuarios de Telefon\u00eda M\u00f3vil (Panaut), la Suprema Corte de Justicia de la Naci\u00f3n (SCJN) le concedi\u00f3 una suspensi\u00f3n.<\/p>\n<p style=\"text-align: justify;\">De acuerdo con el organismo regulador, la SCJN se\u00f1al\u00f3 que con su implementaci\u00f3n \u201cexiste una inminente afectaci\u00f3n presupuestaria del IFT, que puede poner en peligro su autonom\u00eda constitucional\u201d.<\/p>\n<p style=\"text-align: justify;\">\u201cLa Suprema Corte de Justicia de la Naci\u00f3n (SCJN) concedi\u00f3 al Instituto Federal de Telecomunicaciones (IFT) la suspensi\u00f3n respecto a la obligaci\u00f3n de instalar, operar, regular y mantener el Padr\u00f3n Nacional de Usuarios de Telefon\u00eda M\u00f3vil (Panaut), al se\u00f1alar que con su implementaci\u00f3n existe una inminente afectaci\u00f3n presupuestaria del IFT, que puede poner en peligro su autonom\u00eda constitucional\u201d, dio a conocer en un comunicado.<\/p>\n<p style=\"text-align: justify;\">Y es que el pasado 26 de mayo, el IFT present\u00f3 una controversia constitucional en contra de diversas disposiciones contenidas en el Decreto por el que se reforman y adicionan diversas disposiciones de la Ley Federal de Telecomunicaciones y Radiodifusi\u00f3n (LFTyR), por las cuales se crea el Panaut.<\/p>\n<p style=\"text-align: justify;\">En su momento, el regulador expuso que no cuenta con los recursos para cumplir el mandato legislativo de poner en marcha el registro del Panaut con cargo a su presupuesto, ya que la totalidad de los recursos presupuestales aprobados por la C\u00e1mara de Diputados para el presente ejercicio fiscal 2021, est\u00e1n asignados a las funciones que mandata la Constituci\u00f3n.<\/p>\n<p style=\"text-align: justify;\">Por lo que este ordenamiento legal contraviene su autonom\u00eda presupuestal, consistente en llevar a cabo la planeaci\u00f3n y ejercicio de los recursos que considera necesarios de forma aut\u00f3noma, eficaz y oportuna en el marco de sus competencias.<\/p>\n<p style=\"text-align: justify;\">Asimismo, explic\u00f3 que el Congreso de la Uni\u00f3n afecta e invade la esfera competencial del IFT, concretamente a sus atribuciones regulatorias y de garante de derechos humanos, ya que le impide cumplir con su objeto constitucional contenido en los art\u00edculos 6 y 7; toda vez que le obliga a implementar un modelo regulatorio que condiciona el acceso a los servicios de telecomunicaciones y prev\u00e9 la cancelaci\u00f3n de l\u00edneas telef\u00f3nicas m\u00f3viles.<\/p>\n<p style=\"text-align: justify;\">Adem\u00e1s, dijo, lo obliga a emitir las disposiciones administrativas de car\u00e1cter general para la debida operaci\u00f3n del Panaut, en t\u00e9rminos contrarios al objeto para el cual fue creado el propio Instituto.<\/p>\n<p style=\"text-align: justify;\">\u201cEl IFT reitera su compromiso de defender la autonom\u00eda que la Constituci\u00f3n le otorga, as\u00ed como su esfera competencial, de la que deriva su car\u00e1cter de garante de los derechos humanos contenidos en los art\u00edculos 6\u00ba y 7\u00ba constitucionales\u201d.<\/p>\n","protected":false},"excerpt":{"rendered":"<p>] CIUDAD DE M\u00c9XICO. * 15 de junio de 2021. ) Forbes. Luego de que en mayo pasado Instituto Federal de Telecomunicaciones (IFT) interpuso una controversia constitucional contra el Padr\u00f3n Nacional de Usuarios de Telefon\u00eda M\u00f3vil (Panaut), la Suprema Corte de Justicia de la Naci\u00f3n (SCJN) le concedi\u00f3 una suspensi\u00f3n. De acuerdo con el organismo&#8230;<\/p>\n","protected":false},"author":2,"featured_media":1229839,"comment_status":"closed","ping_status":"closed","sticky":false,"template":"","format":"standard","meta":{"footnotes":""},"categories":[18561,2005],"tags":[10279,14163,16935],"class_list":["post-1229838","post","type-post","status-publish","format-standard","has-post-thumbnail","hentry","category-society-politics","category-seguridad-y-justicia","tag-instituto-federal-de-telecomunicaciones-ift","tag-padron-nacional-de-usuarios-de-telefonia-movil-panaut","tag-suprema-corte-de-justicia-de-la-nacion-scjn"],"_links":{"self":[{"href":"https:\/\/www.acapulcopress.com\/index.php\/wp-json\/wp\/v2\/posts\/1229838","targetHints":{"allow":["GET"]}}],"collection":[{"href":"https:\/\/www.acapulcopress.com\/index.php\/wp-json\/wp\/v2\/posts"}],"about":[{"href":"https:\/\/www.acapulcopress.com\/index.php\/wp-json\/wp\/v2\/types\/post"}],"author":[{"embeddable":true,"href":"https:\/\/www.acapulcopress.com\/index.php\/wp-json\/wp\/v2\/users\/2"}],"replies":[{"embeddable":true,"href":"https:\/\/www.acapulcopress.com\/index.php\/wp-json\/wp\/v2\/comments?post=1229838"}],"version-history":[{"count":0,"href":"https:\/\/www.acapulcopress.com\/index.php\/wp-json\/wp\/v2\/posts\/1229838\/revisions"}],"wp:featuredmedia":[{"embeddable":true,"href":"https:\/\/www.acapulcopress.com\/index.php\/wp-json\/"}],"wp:attachment":[{"href":"https:\/\/www.acapulcopress.com\/index.php\/wp-json\/wp\/v2\/media?parent=1229838"}],"wp:term":[{"taxonomy":"category","embeddable":true,"href":"https:\/\/www.acapulcopress.com\/index.php\/wp-json\/wp\/v2\/categories?post=1229838"},{"taxonomy":"post_tag","embeddable":true,"href":"https:\/\/www.acapulcopress.com\/index.php\/wp-json\/wp\/v2\/tags?post=1229838"}],"curies":[{"name":"wp","href":"https:\/\/api.w.org\/{rel}","templated":true}]}}