{"id":1229857,"date":"2021-06-16T00:33:22","date_gmt":"2021-06-16T05:33:22","guid":{"rendered":"https:\/\/www.acapulco.press\/?p=1229857"},"modified":"2021-06-16T00:33:22","modified_gmt":"2021-06-16T05:33:22","slug":"las-posibilidades-de-mario-moreno-ante-el-trife","status":"publish","type":"post","link":"https:\/\/www.acapulcopress.com\/index.php\/2021\/06\/16\/las-posibilidades-de-mario-moreno-ante-el-trife\/","title":{"rendered":"Las posibilidades de Mario Moreno ante el Trife"},"content":{"rendered":"<div class=\"\" data-block=\"true\" data-editor=\"dq6d9\" data-offset-key=\"9f2ll-0-0\">\n<div class=\"_1mf _1mj\" style=\"text-align: justify;\" data-offset-key=\"9f2ll-0-0\"><strong>* Mario Moreno presentar\u00e1 este mi\u00e9rcoles ante el Tribunal Electoral federal solicitud de anulaci\u00f3n de la elecci\u00f3n de gobernador en Guerrero\u00a0<\/strong><\/div>\n<\/div>\n<div class=\"\" style=\"text-align: justify;\" data-block=\"true\" data-editor=\"dq6d9\" data-offset-key=\"cbt45-0-0\">\n<div class=\"_1mf _1mj\" data-offset-key=\"cbt45-0-0\"><span data-offset-key=\"cbt45-0-0\">\u00a0<\/span><\/div>\n<\/div>\n<div class=\"\" style=\"text-align: justify;\" data-block=\"true\" data-editor=\"dq6d9\" data-offset-key=\"f9b6t-0-0\">\n<div class=\"_1mf _1mj\" data-offset-key=\"f9b6t-0-0\"><span data-offset-key=\"f9b6t-0-0\">Sin da\u00f1os a terceros <\/span><\/div>\n<\/div>\n<div class=\"\" style=\"text-align: justify;\" data-block=\"true\" data-editor=\"dq6d9\" data-offset-key=\"a7err-0-0\">\n<div class=\"_1mf _1mj\" data-offset-key=\"a7err-0-0\"><strong>\u00c1ngel Blanco <\/strong><\/div>\n<\/div>\n<div class=\"\" style=\"text-align: justify;\" data-block=\"true\" data-editor=\"dq6d9\" data-offset-key=\"9a2ff-0-0\">\n<div class=\"_1mf _1mj\" data-offset-key=\"9a2ff-0-0\"><em>] massiosare@msn.com <\/em><\/div>\n<\/div>\n<div class=\"\" style=\"text-align: justify;\" data-block=\"true\" data-editor=\"dq6d9\" data-offset-key=\"75kss-0-0\">\n<div class=\"_1mf _1mj\" data-offset-key=\"75kss-0-0\"><span data-offset-key=\"75kss-0-0\">\u00a0<\/span><\/div>\n<\/div>\n<div class=\"\" style=\"text-align: justify;\" data-block=\"true\" data-editor=\"dq6d9\" data-offset-key=\"r7gj-0-0\">\n<div class=\"_1mf _1mj\" data-offset-key=\"r7gj-0-0\"><span data-offset-key=\"r7gj-0-0\">\u00bfHay posibilidades de que el Tribunal Electoral federal acepte y falle a favor de la solicitud de Mario Moreno Arcos en torno a la <img loading=\"lazy\" decoding=\"async\" class=\"alignleft size-medium wp-image-1229859\" src=\"https:\/\/www.acapulco.press\/wp-content\/uploads\/2021\/06\/MARIO-MMA2-375x281.jpg\" alt=\"\" width=\"375\" height=\"281\" \/>impugnaci\u00f3n que presentar\u00e1 este mi\u00e9rcoles para la anulaci\u00f3n de la elecci\u00f3n para gobernador en Guerrero, a\u00fan cuando la candidata de Morena ya recibi\u00f3 constancia de \u2018ganadora\u2019 de parte del Instituto Electoral de Guerrero?<\/span><\/div>\n<\/div>\n<div class=\"\" style=\"text-align: justify;\" data-block=\"true\" data-editor=\"dq6d9\" data-offset-key=\"2hhfe-0-0\">\n<div class=\"_1mf _1mj\" data-offset-key=\"2hhfe-0-0\"><span data-offset-key=\"2hhfe-0-0\">\u00a0<\/span><\/div>\n<\/div>\n<div class=\"\" style=\"text-align: justify;\" data-block=\"true\" data-editor=\"dq6d9\" data-offset-key=\"3op8s-0-0\">\n<div class=\"_1mf _1mj\" data-offset-key=\"3op8s-0-0\"><span data-offset-key=\"3op8s-0-0\">A ambas preguntas la respuesta es s\u00ed.<\/span><\/div>\n<\/div>\n<div class=\"\" style=\"text-align: justify;\" data-block=\"true\" data-editor=\"dq6d9\" data-offset-key=\"6l1cg-0-0\">\n<div class=\"_1mf _1mj\" data-offset-key=\"6l1cg-0-0\"><span data-offset-key=\"6l1cg-0-0\">\u00a0<\/span><\/div>\n<\/div>\n<div class=\"\" style=\"text-align: justify;\" data-block=\"true\" data-editor=\"dq6d9\" data-offset-key=\"fdir7-0-0\">\n<div class=\"_1mf _1mj\" data-offset-key=\"fdir7-0-0\"><span data-offset-key=\"fdir7-0-0\">S\u00ed es factible la admisi\u00f3n de solicitud de anulaci\u00f3n de la elecci\u00f3n de gobernador en Guerrero.<\/span><\/div>\n<\/div>\n<div class=\"\" style=\"text-align: justify;\" data-block=\"true\" data-editor=\"dq6d9\" data-offset-key=\"bfa2k-0-0\">\n<div class=\"_1mf _1mj\" data-offset-key=\"bfa2k-0-0\"><span data-offset-key=\"bfa2k-0-0\">\u00a0<\/span><\/div>\n<\/div>\n<div class=\"\" style=\"text-align: justify;\" data-block=\"true\" data-editor=\"dq6d9\" data-offset-key=\"3810m-0-0\">\n<div class=\"_1mf _1mj\" data-offset-key=\"3810m-0-0\"><span data-offset-key=\"3810m-0-0\">S\u00ed es posible que el Tribunal Electoral federal falle a favor del solicitante, a pesar de que el IEPC Guerrero ya entreg\u00f3 constancia de ganadora a la candidata de Morena, siempre y cuando el candidato de la alianza PRI\/PRD presente elementos suficientes y probatorios que permitan al Trife emitir un fallo imparcial, al respecto.<\/span><\/div>\n<\/div>\n<div class=\"\" style=\"text-align: justify;\" data-block=\"true\" data-editor=\"dq6d9\" data-offset-key=\"dcq9g-0-0\">\n<div class=\"_1mf _1mj\" data-offset-key=\"dcq9g-0-0\"><span data-offset-key=\"dcq9g-0-0\">\u00a0<\/span><\/div>\n<\/div>\n<div class=\"\" style=\"text-align: justify;\" data-block=\"true\" data-editor=\"dq6d9\" data-offset-key=\"5202n-0-0\">\n<div class=\"_1mf _1mj\" data-offset-key=\"5202n-0-0\"><strong>\u00bfES CONFIABLE EL TRIFE?<\/strong><\/div>\n<\/div>\n<div class=\"\" style=\"text-align: justify;\" data-block=\"true\" data-editor=\"dq6d9\" data-offset-key=\"867i6-0-0\">\n<div class=\"_1mf _1mj\" data-offset-key=\"867i6-0-0\"><span data-offset-key=\"867i6-0-0\">\u00a0<\/span><\/div>\n<\/div>\n<div class=\"\" style=\"text-align: justify;\" data-block=\"true\" data-editor=\"dq6d9\" data-offset-key=\"8mu02-0-0\">\n<div class=\"_1mf _1mj\" data-offset-key=\"8mu02-0-0\"><span data-offset-key=\"8mu02-0-0\">Seg\u00fan los antecedentes en torno a casos similares al de Mario Moreno, s\u00ed.<\/span><\/div>\n<\/div>\n<div class=\"\" style=\"text-align: justify;\" data-block=\"true\" data-editor=\"dq6d9\" data-offset-key=\"4c7ti-0-0\">\n<div class=\"_1mf _1mj\" data-offset-key=\"4c7ti-0-0\"><span data-offset-key=\"4c7ti-0-0\">\u00a0<\/span><\/div>\n<\/div>\n<div class=\"\" style=\"text-align: justify;\" data-block=\"true\" data-editor=\"dq6d9\" data-offset-key=\"4lo2b-0-0\">\n<div class=\"_1mf _1mj\" data-offset-key=\"4lo2b-0-0\"><span data-offset-key=\"4lo2b-0-0\"><img loading=\"lazy\" decoding=\"async\" class=\"alignleft size-medium wp-image-1229858\" src=\"https:\/\/www.acapulco.press\/wp-content\/uploads\/2021\/06\/MARIO-MMA-375x211.jpg\" alt=\"\" width=\"375\" height=\"211\" \/>Adem\u00e1s, el hecho que por mayor\u00eda de votos se ratificara la p\u00e9rdida de la candidatura de F\u00e9lix Salgado Macedonio, ex candidato de Morena al Gobierno de Guerrero, por \u2018cuestiones simples\u2019 de gastos de precampa\u00f1a, es un dato que favorece la confianza hacia la imparcialidad del Trife. <\/span><\/div>\n<\/div>\n<div class=\"\" style=\"text-align: justify;\" data-block=\"true\" data-editor=\"dq6d9\" data-offset-key=\"4s3b6-0-0\">\n<div class=\"_1mf _1mj\" data-offset-key=\"4s3b6-0-0\"><span data-offset-key=\"4s3b6-0-0\">\u00a0<\/span><\/div>\n<\/div>\n<div class=\"\" style=\"text-align: justify;\" data-block=\"true\" data-editor=\"dq6d9\" data-offset-key=\"1h6ds-0-0\">\n<div class=\"_1mf _1mj\" data-offset-key=\"1h6ds-0-0\"><span data-offset-key=\"1h6ds-0-0\">El 2 de octubre del 2015 el Tribunal Electoral del Poder Judicial de la Federaci\u00f3n (TEPJF) anul\u00f3 la elecci\u00f3n para gobernador celebrada el 7 de junio en el <a href=\"https:\/\/www.te.gob.mx\/front3\/bulletins\/detail\/2231\/0\" target=\"_blank\" rel=\"noopener\">Estado de Colima<\/a>.<\/span><\/div>\n<\/div>\n<div class=\"\" style=\"text-align: justify;\" data-block=\"true\" data-editor=\"dq6d9\" data-offset-key=\"13htg-0-0\">\n<div class=\"_1mf _1mj\" data-offset-key=\"13htg-0-0\"><span data-offset-key=\"13htg-0-0\">\u00a0<\/span><\/div>\n<\/div>\n<div class=\"\" style=\"text-align: justify;\" data-block=\"true\" data-editor=\"dq6d9\" data-offset-key=\"fo43b-0-0\">\n<div class=\"_1mf _1mj\" data-offset-key=\"fo43b-0-0\"><span data-offset-key=\"fo43b-0-0\">Tambi\u00e9n revoc\u00f3 el otorgamiento de la Constancia de Mayor\u00eda otorgada por el Tribunal Electoral de Colima a Jos\u00e9 Ignacio Peralta S\u00e1nchez, candidato del PRI\/PVEM\/Nueva Alianza.<\/span><\/div>\n<\/div>\n<div class=\"\" style=\"text-align: justify;\" data-block=\"true\" data-editor=\"dq6d9\" data-offset-key=\"d4cte-0-0\">\n<div class=\"_1mf _1mj\" data-offset-key=\"d4cte-0-0\"><span data-offset-key=\"d4cte-0-0\">\u00a0<\/span><\/div>\n<\/div>\n<div class=\"\" style=\"text-align: justify;\" data-block=\"true\" data-editor=\"dq6d9\" data-offset-key=\"8nalb-0-0\">\n<div class=\"_1mf _1mj\" data-offset-key=\"8nalb-0-0\"><span data-offset-key=\"8nalb-0-0\">La Sala Superior del TEPJF declar\u00f3 la nulidad de la elecci\u00f3n de gobernador de Colima y orden\u00f3 al Congreso local, as\u00ed como las autoridades electorales estatales, que en el \u00e1mbito de sus facultades, y a la brevedad, emitieran la \u201cconvocatoria para la celebraci\u00f3n de comicios extraordinarios\u201d, despu\u00e9s de acreditarse la \u201cviolaci\u00f3n a los principios rectores de equidad y neutralidad en la contienda\u201d y por la \u201cindebida intervenci\u00f3n de funcionarios del gobierno estatal\u201d en las elecciones.<\/span><\/div>\n<\/div>\n<div class=\"\" style=\"text-align: justify;\" data-block=\"true\" data-editor=\"dq6d9\" data-offset-key=\"4trdg-0-0\">\n<div class=\"_1mf _1mj\" data-offset-key=\"4trdg-0-0\"><span data-offset-key=\"4trdg-0-0\">\u00a0<\/span><\/div>\n<\/div>\n<div class=\"\" style=\"text-align: justify;\" data-block=\"true\" data-editor=\"dq6d9\" data-offset-key=\"9aq0q-0-0\">\n<div class=\"_1mf _1mj\" data-offset-key=\"9aq0q-0-0\"><span data-offset-key=\"9aq0q-0-0\">En Guerrero, Mario Moreno acusa irregularidades similares, por lo tanto, no es descabellada ni aventurada su solicitud anunciada el d\u00eda lunes.<\/span><\/div>\n<\/div>\n<div class=\"\" style=\"text-align: justify;\" data-block=\"true\" data-editor=\"dq6d9\" data-offset-key=\"a8e34-0-0\">\n<div class=\"_1mf _1mj\" data-offset-key=\"a8e34-0-0\"><span data-offset-key=\"a8e34-0-0\">\u00a0<\/span><\/div>\n<\/div>\n<div class=\"\" style=\"text-align: justify;\" data-block=\"true\" data-editor=\"dq6d9\" data-offset-key=\"a6nkt-0-0\">\n<div class=\"_1mf _1mj\" data-offset-key=\"a6nkt-0-0\"><span data-offset-key=\"a6nkt-0-0\">Las risas y v\u00edtores de los contrarios, es decir, los que ya festejan el aparente triunfo, pese a las evidentes irregularidades y parcialidades a vista de todos, deber\u00edan ser m\u00e1s moderadas y serenas, porque Mario Moreno est\u00e1 en todo su derecho legal de impugnar la elecci\u00f3n del 6 de junio, siempre y cuando sus elementos sean suficientemente probatorios para que el TEPJF no deseche su queja y tras minuciosos an\u00e1lisis del caso proceda a anular la elecci\u00f3n de gobernador celebrada en Guerrero.<\/span><\/div>\n<\/div>\n<div class=\"\" style=\"text-align: justify;\" data-block=\"true\" data-editor=\"dq6d9\" data-offset-key=\"dlvv1-0-0\">\n<div class=\"_1mf _1mj\" data-offset-key=\"dlvv1-0-0\"><span data-offset-key=\"dlvv1-0-0\">\u00a0<\/span><\/div>\n<\/div>\n<div class=\"\" style=\"text-align: justify;\" data-block=\"true\" data-editor=\"dq6d9\" data-offset-key=\"7gtq2-0-0\">\n<div class=\"_1mf _1mj\" data-offset-key=\"7gtq2-0-0\"><span data-offset-key=\"7gtq2-0-0\">Si el <em>Trife<\/em> fallara a favor del solicitante, tambi\u00e9n se revocar\u00eda la Constancia de Mayor\u00eda otorgada a Evelyn Salgado y entonces habr\u00eda elecciones extraordinarias en Guerrero, aunque F\u00e9lix Salgado, la \u2018torita\u2019 y el mismo IEPC Guerrero hicieran berrinches y se resistieran a acatar la resoluci\u00f3n del TEPJF.<\/span><\/div>\n<\/div>\n<div class=\"\" style=\"text-align: justify;\" data-block=\"true\" data-editor=\"dq6d9\" data-offset-key=\"6ob1r-0-0\">\n<div class=\"_1mf _1mj\" data-offset-key=\"6ob1r-0-0\"><span data-offset-key=\"6ob1r-0-0\">\u00a0<\/span><\/div>\n<\/div>\n<div class=\"\" style=\"text-align: justify;\" data-block=\"true\" data-editor=\"dq6d9\" data-offset-key=\"f3mil-0-0\">\n<div class=\"_1mf _1mj\" data-offset-key=\"f3mil-0-0\"><span data-offset-key=\"f3mil-0-0\">As\u00ed que a\u00fan no son momentos de triunfalismos para nadie, porque pruebas de las fallas en la elecci\u00f3n Guerrero 2021 hay muchas y muy, muy evidentes, como el sospechoso congelamiento del PREP al 37.5% del conteo de las actas, por ejemplo, cuya tendencia electoral siempre estuvo a favor de Morena, as\u00ed como la evidente intromisi\u00f3n desde Palacio Nacional a trav\u00e9s de los famosos &#8216;siervos de la naci\u00f3n&#8217; que coaccionaron el voto mediante el condicionamiento de los programas federales a determinados sectores vulnerables de la poblaci\u00f3n guerrerense. <\/span><\/div>\n<\/div>\n<div class=\"\" style=\"text-align: justify;\" data-block=\"true\" data-editor=\"dq6d9\" data-offset-key=\"240v1-0-0\">\n<div class=\"_1mf _1mj\" data-offset-key=\"240v1-0-0\"><span data-offset-key=\"240v1-0-0\">\u00a0<\/span><\/div>\n<\/div>\n<div class=\"\" style=\"text-align: justify;\" data-block=\"true\" data-editor=\"dq6d9\" data-offset-key=\"bknki-0-0\">\n<div class=\"_1mf _1mj\" data-offset-key=\"bknki-0-0\"><span data-offset-key=\"bknki-0-0\">Eso s\u00ed, mejor que Mario Moreno vaya al <em>Trife<\/em> con una carpeta bien documentada&#8230; podr\u00eda ser fatal que el Tribunal Electoral federal bateara la solicitud a la primera hojeada del caso. <\/span><\/div>\n<\/div>\n<div class=\"\" style=\"text-align: justify;\" data-block=\"true\" data-editor=\"dq6d9\" data-offset-key=\"cg4a8-0-0\">\n<div class=\"_1mf _1mj\" data-offset-key=\"cg4a8-0-0\"><span data-offset-key=\"cg4a8-0-0\">\u00a0<\/span><\/div>\n<\/div>\n<div class=\"\" style=\"text-align: justify;\" data-block=\"true\" data-editor=\"dq6d9\" data-offset-key=\"c1uvb-0-0\">\n<div class=\"_1mf _1mj\" data-offset-key=\"c1uvb-0-0\"><span data-offset-key=\"c1uvb-0-0\">Moreno Arcos dijo que no cejar\u00e1 en su lucha, pero toda lucha requiere de unidad y esfuerzo conjunto, por tal motivo sus seguidores tendr\u00e1n que estar con \u00e9l leal y pacientemente hasta el final. El &#8216;caso Colima&#8217; no se solucion\u00f3 de la noche a la ma\u00f1ana; tuvieron que pasar cuatro meses antes que el <em>Trife<\/em> emitiera la sentencia de nulidad de la elecci\u00f3n de gobernador de Colima. Lo que significa que una vez que el TEPJF acepte la petici\u00f3n de Mario Moreno se tendr\u00e1 que aguardar buen tiempo para su an\u00e1lisis y sentencia. <\/span><\/div>\n<\/div>\n<div class=\"\" style=\"text-align: justify;\" data-block=\"true\" data-editor=\"dq6d9\" data-offset-key=\"d61u3-0-0\">\n<div class=\"_1mf _1mj\" data-offset-key=\"d61u3-0-0\"><span data-offset-key=\"d61u3-0-0\">\u00a0<\/span><\/div>\n<\/div>\n<div class=\"\" style=\"text-align: justify;\" data-block=\"true\" data-editor=\"dq6d9\" data-offset-key=\"1uhfa-0-0\">\n<div class=\"_1mf _1mj\" data-offset-key=\"1uhfa-0-0\"><span data-offset-key=\"1uhfa-0-0\">Quienes se suban al barco de Mario Moreno tendr\u00e1n que mantenerse animoso y tolerar con valor las burlas y mofas de todo tipo, pero si el resultado del <em>Trife<\/em> favorece al candidato de la lianza valdr\u00e1 la pena haber confiado en la m\u00e1xima justicia electoral del pa\u00eds, sino, lo mejor ser\u00e1 no rebajarse al nivel de los burlones y tomar con tranquilidad y sin revanchismos lo que tenga que suceder.<\/span><\/div>\n<\/div>\n<div class=\"\" style=\"text-align: justify;\" data-block=\"true\" data-editor=\"dq6d9\" data-offset-key=\"elta5-0-0\">\n<div class=\"_1mf _1mj\" data-offset-key=\"elta5-0-0\"><span data-offset-key=\"elta5-0-0\">\u00a0<\/span><\/div>\n<\/div>\n<div class=\"\" style=\"text-align: justify;\" data-block=\"true\" data-editor=\"dq6d9\" data-offset-key=\"qaqu-0-0\">\n<div class=\"_1mf _1mj\" data-offset-key=\"qaqu-0-0\">\n<p><em>Sin da\u00f1os a terceros&#8230;<\/em><\/p>\n<p><iframe loading=\"lazy\" title=\"ANUNCIA MARIO MORENO IMPUGNACI\u00d3N DE ELECCI\u00d3N\" width=\"1160\" height=\"653\" src=\"https:\/\/www.youtube.com\/embed\/enycDwMf2II?feature=oembed\" frameborder=\"0\" allow=\"accelerometer; autoplay; clipboard-write; encrypted-media; gyroscope; picture-in-picture; web-share\" referrerpolicy=\"strict-origin-when-cross-origin\" allowfullscreen><\/iframe><\/p>\n<p>&nbsp;<\/p>\n<\/div>\n<\/div>\n<div class=\"\" data-block=\"true\" data-editor=\"dq6d9\" data-offset-key=\"3kjct-0-0\">\n<div class=\"_1mf _1mj\" style=\"text-align: justify;\" data-offset-key=\"3kjct-0-0\"><span class=\"py34i1dx\"><span data-offset-key=\"3kjct-0-0\">www.<strong>acapulco.press<\/strong><\/span><\/span><\/div>\n<\/div>\n","protected":false},"excerpt":{"rendered":"<p>* Mario Moreno presentar\u00e1 este mi\u00e9rcoles ante el Tribunal Electoral federal solicitud de anulaci\u00f3n de la elecci\u00f3n de gobernador en Guerrero\u00a0 \u00a0 Sin da\u00f1os a terceros \u00c1ngel Blanco ] massiosare@msn.com \u00a0 \u00bfHay posibilidades de que el Tribunal Electoral federal acepte y falle a favor de la solicitud de Mario Moreno Arcos en torno a la&#8230;<\/p>\n","protected":false},"author":2,"featured_media":1229860,"comment_status":"closed","ping_status":"closed","sticky":false,"template":"","format":"standard","meta":{"footnotes":""},"categories":[1972,2008],"tags":[5942,7799,10014,12685,13297,14869],"class_list":["post-1229857","post","type-post","status-publish","format-standard","has-post-thumbnail","hentry","category-special","category-editorial","tag-coalicion-pri-prd-guerrero","tag-eleccion-guerrero-2021","tag-iepc-guerrero","tag-mario-moreno-arcos","tag-morena","tag-prep-guerrero"],"_links":{"self":[{"href":"https:\/\/www.acapulcopress.com\/index.php\/wp-json\/wp\/v2\/posts\/1229857","targetHints":{"allow":["GET"]}}],"collection":[{"href":"https:\/\/www.acapulcopress.com\/index.php\/wp-json\/wp\/v2\/posts"}],"about":[{"href":"https:\/\/www.acapulcopress.com\/index.php\/wp-json\/wp\/v2\/types\/post"}],"author":[{"embeddable":true,"href":"https:\/\/www.acapulcopress.com\/index.php\/wp-json\/wp\/v2\/users\/2"}],"replies":[{"embeddable":true,"href":"https:\/\/www.acapulcopress.com\/index.php\/wp-json\/wp\/v2\/comments?post=1229857"}],"version-history":[{"count":0,"href":"https:\/\/www.acapulcopress.com\/index.php\/wp-json\/wp\/v2\/posts\/1229857\/revisions"}],"wp:featuredmedia":[{"embeddable":true,"href":"https:\/\/www.acapulcopress.com\/index.php\/wp-json\/"}],"wp:attachment":[{"href":"https:\/\/www.acapulcopress.com\/index.php\/wp-json\/wp\/v2\/media?parent=1229857"}],"wp:term":[{"taxonomy":"category","embeddable":true,"href":"https:\/\/www.acapulcopress.com\/index.php\/wp-json\/wp\/v2\/categories?post=1229857"},{"taxonomy":"post_tag","embeddable":true,"href":"https:\/\/www.acapulcopress.com\/index.php\/wp-json\/wp\/v2\/tags?post=1229857"}],"curies":[{"name":"wp","href":"https:\/\/api.w.org\/{rel}","templated":true}]}}