{"id":1229869,"date":"2021-06-16T16:30:56","date_gmt":"2021-06-16T21:30:56","guid":{"rendered":"https:\/\/www.acapulco.press\/?p=1229869"},"modified":"2021-06-16T16:30:56","modified_gmt":"2021-06-16T21:30:56","slug":"dubai-acoge-primera-exposicion-del-holocausto-en-el-mundo-arabe","status":"publish","type":"post","link":"https:\/\/www.acapulcopress.com\/index.php\/2021\/06\/16\/dubai-acoge-primera-exposicion-del-holocausto-en-el-mundo-arabe\/","title":{"rendered":"Dub\u00e1i acoge primera exposici\u00f3n del Holocausto en el mundo \u00e1rabe"},"content":{"rendered":"<p style=\"text-align: justify;\">] CIUDAD DE M\u00c9XICO. * 16 de junio de 2021.<br \/>\n<em>) <a href=\"https:\/\/es.euronews.com\/2021\/06\/16\/dubai-acoge-la-primera-exposicion-sobre-el-holocausto-en-el-mundo-arabe\" target=\"_blank\" rel=\"noopener\">Euronews<\/a>.<\/em><\/p>\n<p style=\"text-align: justify;\">La exposici\u00f3n \u00abWe Remember\u00bb en el Museo de la Encrucijada de Civilizaciones de Dub\u00e1i es la primera exposici\u00f3n sobre el <img loading=\"lazy\" decoding=\"async\" class=\"alignleft size-medium wp-image-1229876\" src=\"https:\/\/www.acapulco.press\/wp-content\/uploads\/2021\/06\/Holocausto-arabe7-375x210.jpg\" alt=\"\" width=\"375\" height=\"210\" \/>Holocausto, en el mundo \u00e1rabe.<\/p>\n<p style=\"text-align: justify;\">\u00abHa habido un tremendo crecimiento de la \u2018vida jud\u00eda\u2019 aqu\u00ed, en los Emiratos \u00c1rabes Unidos. Los jud\u00edos se trasladan aqu\u00ed desde Israel, desde los Estados Unidos, Europa&#8230; y, se produce el crecimiento de la comunidad. Esto resulta muy importante para nosotros, con vistas a construir las bases de la comunidad. Lo que este museo muestra en la exhibici\u00f3n de la memoria del Holocausto es algo realmente importante. Este es un lugar al que podemos traer a nuestros hijos. Podemos traer a los estudiantes o a las diferentes comunidades para que vengan a ver la historia del pueblo jud\u00edo, de lo que vivieron en Europa\u00bb, declara Levi Duchman, rabino de los Emiratos \u00c1rabes Unidos.<\/p>\n<p style=\"text-align: justify;\"><img loading=\"lazy\" decoding=\"async\" class=\"alignleft size-medium wp-image-1229875\" src=\"https:\/\/www.acapulco.press\/wp-content\/uploads\/2021\/06\/Holocausto-arabe6-375x211.jpg\" alt=\"\" width=\"375\" height=\"211\" \/>\u00abM\u00e1s de seis millones de jud\u00edos murieron a manos de los nazis entre 1941 y 1945. Esta exposici\u00f3n pretende recordar lo que ocurri\u00f3 durante el Holocausto y concienciar a los ciudadanos de m\u00e1s de 200 nacionalidades, que viven en Dub\u00e1i\u00bb, explica la periodista de Euronews, Jane Witherspoon.<\/p>\n<p style=\"text-align: justify;\">La exposici\u00f3n tambi\u00e9n incluye una secci\u00f3n dedicada \u00edntegramente a los \u00e1rabes y musulmanes, que ayudaron a salvar a los jud\u00edos.<\/p>\n<p style=\"text-align: justify;\">\u00abEste es uno de los mayores cr\u00edmenes contra la humanidad, como as\u00ed los llamamos. Era realmente importante para nosotros como complemento de las otras galer\u00edas que tenemos sobre la tolerancia y sobre las otras tres religiones, las religiones monote\u00edstas. As\u00ed que lo concebimos como algo que ten\u00eda que ser incluido en esta exposici\u00f3n. Quer\u00edamos mostrar la esperanza y mostrar a <img loading=\"lazy\" decoding=\"async\" class=\"alignleft size-medium wp-image-1229874\" src=\"https:\/\/www.acapulco.press\/wp-content\/uploads\/2021\/06\/Holocausto-arabe5-375x210.jpg\" alt=\"\" width=\"375\" height=\"210\" \/>personas musulmanas y personas de la regi\u00f3n, que ayudaron a salvar a la gente\u00bb, afirma Yael Grafy, directora de operaciones del Museo de la Encrucijada de Civilizaciones.<\/p>\n<p style=\"text-align: justify;\">\u00abPor supuesto, si se observa la historia de la regi\u00f3n, los jud\u00edos y los \u00e1rabes siempre han convivido estrechamente. Si nos fijamos en Marruecos, T\u00fanez, Libia, Siria, el L\u00edbano, donde sea, hab\u00eda importantes comunidades jud\u00edas\u00bb, a\u00f1ade Levi Duchman.<\/p>\n<p style=\"text-align: justify;\">Una imagen de tama\u00f1o natural de un ni\u00f1o, la figura del \u2018Ni\u00f1o del gueto de Varsovia\u2019, rodeada de armas de la guerra, es la pieza central de la galer\u00eda. Otras piezas destacadas son las historias de Selahattin \u00dclk\u00fcmen, el diplom\u00e1tico turco que salv\u00f3 a los jud\u00edos de Rodas de la deportaci\u00f3n, y del doctor Mohamed Helmy, un m\u00e9dico egipcio que salv\u00f3 a varios jud\u00edos de la persecuci\u00f3n nazi en <img loading=\"lazy\" decoding=\"async\" class=\"alignleft size-medium wp-image-1229873\" src=\"https:\/\/www.acapulco.press\/wp-content\/uploads\/2021\/06\/Holocausto-arabe4-375x211.jpg\" alt=\"\" width=\"375\" height=\"211\" \/>Berl\u00edn.<\/p>\n<p style=\"text-align: justify;\">\u00abEstudi\u00f3 en Berl\u00edn y se qued\u00f3 all\u00ed durante la Segunda Guerra Mundial y tras el conflicto. Vio lo que le ocurri\u00f3 a la gente de su entorno. \u00c9l, como musulm\u00e1n, pudo comprobar que el r\u00e9gimen nazi, no solamente estaba en contra de los jud\u00edos y decidi\u00f3 salvar a algunas familias. Y estas familias, gracias a \u00e9l, sobrevivieron al Holocausto\u00bb, se\u00f1ala Yael Grafy.<\/p>\n<p style=\"text-align: justify;\">\u00abObviamente, es muy emotivo. Cuando se recorre la exposici\u00f3n, se ven las diferentes fotos y se leen las diferentes historias que se exponen aqu\u00ed. Esto, realmente, da un cierto empoderamiento. Esto nos da el poder de que, cuando estamos construyendo ra\u00edces fuertes para nuestros hijos, para nuestras futuras generaciones, aprendemos la importancia de trabajar juntos con todas las <img loading=\"lazy\" decoding=\"async\" class=\"alignleft size-medium wp-image-1229872\" src=\"https:\/\/www.acapulco.press\/wp-content\/uploads\/2021\/06\/Holocausto-arabe3-375x211.jpg\" alt=\"\" width=\"375\" height=\"211\" \/>personas. Aprendemos la importancia de la tolerancia, la importancia de la coexistencia, y de construir comunidades cohesionadas en los Emiratos \u00c1rabes Unidos, en toda la regi\u00f3n y, realmente, en todo el mundo. Necesitamos transmitir estos valores\u00bb, declara el rabino de los Emiratos \u00c1rabes Unidos.<\/p>\n<p style=\"text-align: justify;\">A medida que la regi\u00f3n de Oriente Medio se abre y avanza hacia la normalizaci\u00f3n de las relaciones, el fundador del museo considera que el momento de organizar esta exposici\u00f3n es oportuno.<\/p>\n<p style=\"text-align: justify;\">\u00ab\u00daltimamente se han producido muchos, muchos incidentes y se ha registrado un gran aumento del antisemitismo y del racismo en el mundo. As\u00ed que, creo que este es el momento adecuado para ello (organizar la exhibici\u00f3n). Y, estando en los Emiratos \u00c1rabes Unidos, tenemos un sistema adecuado, tenemos la cultura de <img loading=\"lazy\" decoding=\"async\" class=\"alignleft size-medium wp-image-1229870\" src=\"https:\/\/www.acapulco.press\/wp-content\/uploads\/2021\/06\/Holocausto-arabe-375x211.jpg\" alt=\"\" width=\"375\" height=\"211\" \/>la uni\u00f3n de la solidaridad. Este es el lugar al que la gente viene. Las personas no vienen por el petr\u00f3leo ni por el dinero. Vienen aqu\u00ed porque se sienten como en casa. Es el lugar id\u00f3neo y la gente, en el mejor de los casos, viene de todo el mundo y podemos ver la belleza existente en las diferencias. Este es un lugar al que viene la gente y en el que puede aprender de nuestra experiencia de unidad y sobre c\u00f3mo podemos trasladar eso al exterior\u00bb, afirma Ahmed Obaid Almansoori, fundador del Museo de la Encrucijada de Civilizaciones.<\/p>\n<p style=\"text-align: justify;\">Como su nombre indica, el Museo de la Encrucijada de Civilizaciones se cre\u00f3 para centrarse en los valores de apertura y multiculturalidad de las diferentes comunidades en el mundo. Se espera que esta \u00faltima incorporaci\u00f3n a sus colecciones, ponga de relieve lo que podemos aprender de uno de los momentos m\u00e1s oscuros de la historia.<\/p>\n<p style=\"text-align: justify;\">\u00abEn la historia, suceden ciertas cosas y tenemos que estudiarlas. Tenemos que aprovechar los aspectos positivos y tambi\u00e9n aprender de los errores e intentar que no se repitan\u00bb, a\u00f1ade Ahmed Obaid Almansoori.<\/p>\n<p style=\"text-align: justify;\">\u00abPuedes ver la frase escrita al final que dice: \u2018todo el que salva un alma, salva el mundo entero\u2019. Y, creo que no importa de d\u00f3nde seas, no importa tu religi\u00f3n, si puedes cambiar a una persona o salvar a una persona, entonces, cambias al mundo entero\u00bb, concluye Yael Grafy, directora de operaciones del Museo de la Encrucijada de Civilizaciones.<\/p>\n","protected":false},"excerpt":{"rendered":"<p>] CIUDAD DE M\u00c9XICO. * 16 de junio de 2021. ) Euronews. La exposici\u00f3n \u00abWe Remember\u00bb en el Museo de la Encrucijada de Civilizaciones de Dub\u00e1i es la primera exposici\u00f3n sobre el Holocausto, en el mundo \u00e1rabe. \u00abHa habido un tremendo crecimiento de la \u2018vida jud\u00eda\u2019 aqu\u00ed, en los Emiratos \u00c1rabes Unidos. Los jud\u00edos se&#8230;<\/p>\n","protected":false},"author":2,"featured_media":1229871,"comment_status":"closed","ping_status":"closed","sticky":false,"template":"","format":"standard","meta":{"footnotes":""},"categories":[18567,1988],"tags":[2322,7914,9816],"class_list":["post-1229869","post","type-post","status-publish","format-standard","has-post-thumbnail","hentry","category-historia-y-civismo","category-lifestyles","tag-we-remember","tag-emiratos-arabes-unido","tag-holocausto"],"_links":{"self":[{"href":"https:\/\/www.acapulcopress.com\/index.php\/wp-json\/wp\/v2\/posts\/1229869","targetHints":{"allow":["GET"]}}],"collection":[{"href":"https:\/\/www.acapulcopress.com\/index.php\/wp-json\/wp\/v2\/posts"}],"about":[{"href":"https:\/\/www.acapulcopress.com\/index.php\/wp-json\/wp\/v2\/types\/post"}],"author":[{"embeddable":true,"href":"https:\/\/www.acapulcopress.com\/index.php\/wp-json\/wp\/v2\/users\/2"}],"replies":[{"embeddable":true,"href":"https:\/\/www.acapulcopress.com\/index.php\/wp-json\/wp\/v2\/comments?post=1229869"}],"version-history":[{"count":0,"href":"https:\/\/www.acapulcopress.com\/index.php\/wp-json\/wp\/v2\/posts\/1229869\/revisions"}],"wp:featuredmedia":[{"embeddable":true,"href":"https:\/\/www.acapulcopress.com\/index.php\/wp-json\/"}],"wp:attachment":[{"href":"https:\/\/www.acapulcopress.com\/index.php\/wp-json\/wp\/v2\/media?parent=1229869"}],"wp:term":[{"taxonomy":"category","embeddable":true,"href":"https:\/\/www.acapulcopress.com\/index.php\/wp-json\/wp\/v2\/categories?post=1229869"},{"taxonomy":"post_tag","embeddable":true,"href":"https:\/\/www.acapulcopress.com\/index.php\/wp-json\/wp\/v2\/tags?post=1229869"}],"curies":[{"name":"wp","href":"https:\/\/api.w.org\/{rel}","templated":true}]}}