{"id":1229881,"date":"2021-06-16T17:01:20","date_gmt":"2021-06-16T22:01:20","guid":{"rendered":"https:\/\/www.acapulco.press\/?p=1229881"},"modified":"2021-06-16T17:01:20","modified_gmt":"2021-06-16T22:01:20","slug":"regresa-el-festival-internacional-de-cine-de-animacion-de-annecy","status":"publish","type":"post","link":"https:\/\/www.acapulcopress.com\/index.php\/2021\/06\/16\/regresa-el-festival-internacional-de-cine-de-animacion-de-annecy\/","title":{"rendered":"Regresa el Festival Internacional de Cine de Animaci\u00f3n de Annecy"},"content":{"rendered":"<div class=\"column u-show-for-medium medium-2 xlarge-1 u-overflow-visible c-aside__social\">\n<div class=\"u-margin-bottom-medium-3 u-position-sticky-80 u-zindex--10\">\n<div class=\"row collapse c-social-share t-social-share--blue js-social-share \">\n<p>] <strong>ANNECY<\/strong>, France. * 16 de junio de 2021.<br \/>\n<em>) <a href=\"https:\/\/es.euronews.com\/2021\/06\/16\/regresa-la-cita-mas-importante-de-la-animacion\" target=\"_blank\" rel=\"noopener\">Euronews<\/a>.<\/em><\/p>\n<p>El Festival Internacional de Cine de Animaci\u00f3n de Annecy es una cita ineludible en el mapa de grandes eventos del S\u00e9ptimo Arte Lo mejor de la pujante industria de la animaci\u00f3n se re\u00fane a orillas del lago del mismo nombre, en el coraz\u00f3n de los Alpes franceses&#8230;Y lo que antes se consideraba un sector orientado al p\u00fablico infantil es ahora una combinaci\u00f3n de arte y negocio.<\/p>\n<p><em>Euronews<\/em> ha hablado con el director del certamen, Mikael Marin: \u00abEs una gran alegr\u00eda, un verdadero alivio poder recibir de nuevo al p\u00fablico. Este a\u00f1o celebramos el 60\u00ba aniversario del festival, que es el principal acontecimiento mundial de la animaci\u00f3n, el segundo festival m\u00e1s importante de Francia, despu\u00e9s de Cannes, y al que acuden espectadores de todo el mundo. Y cuando he tneido la oportunidad de volver a verlos al viajar a sus pa\u00edses a menudo lo primero que me dicen es \u00abvives en la ciudad m\u00e1s bonita del mundo\u00bb.<\/p>\n<p><strong>Un impulso para la industria<\/strong><\/p>\n<p>M\u00e1s de un centenar de pa\u00edses est\u00e1n presentes, con pel\u00edculas rn todos los formatos, y una fuerte competencia por los principales premios entre 12 largometrajes. La animaci\u00f3n es tambi\u00e9n una verdadera industria que el festival impulsa.<\/p>\n<p>\u00abAnnecy es tambi\u00e9n un mercado cinematogr\u00e1fico en el que tenemos la suerte de acoger toda la cadena de valor, desde la escuela de animaci\u00f3n hasta plataformas como Netflix o Amazon, Disney+, productoras, toda la cadena, por lo que es realmente el \u00abpulm\u00f3n\u00bb econ\u00f3mico no s\u00f3lo del certamen, sino de todo un sector. Y es cierto que ganar un premio en Annecy, ganar la \u00abCristal\u00bb, es para el director la garant\u00eda de que tendr\u00e1 una gran carrera en festivales posteriores, y la posibilidad de competir por premios prestigiosos como los C\u00e9sar o los Oscar\u00bb, explica Marin.<\/p>\n<p>Este a\u00f1o, el invitado de honor no es un pa\u00eds, sino todo un continente, \u00c1frica. El Festival Internacional de Cine de Annecy podr\u00e1 seguirse en l\u00ednea o in situ hasta el pr\u00f3ximo 19 de junio.<\/p>\n<\/div>\n<\/div>\n<\/div>\n","protected":false},"excerpt":{"rendered":"<p>] ANNECY, France. * 16 de junio de 2021. ) Euronews. El Festival Internacional de Cine de Animaci\u00f3n de Annecy es una cita ineludible en el mapa de grandes eventos del S\u00e9ptimo Arte Lo mejor de la pujante industria de la animaci\u00f3n se re\u00fane a orillas del lago del mismo nombre, en el coraz\u00f3n de&#8230;<\/p>\n","protected":false},"author":2,"featured_media":1229882,"comment_status":"closed","ping_status":"closed","sticky":false,"template":"","format":"standard","meta":{"footnotes":""},"categories":[1972,2058,1988],"tags":[8583,13147],"class_list":["post-1229881","post","type-post","status-publish","format-standard","has-post-thumbnail","hentry","category-special","category-festivales-y-tradiciones","category-lifestyles","tag-festival-internacional-de-cine-de-animacion-de-annecy","tag-mikael-marin"],"_links":{"self":[{"href":"https:\/\/www.acapulcopress.com\/index.php\/wp-json\/wp\/v2\/posts\/1229881","targetHints":{"allow":["GET"]}}],"collection":[{"href":"https:\/\/www.acapulcopress.com\/index.php\/wp-json\/wp\/v2\/posts"}],"about":[{"href":"https:\/\/www.acapulcopress.com\/index.php\/wp-json\/wp\/v2\/types\/post"}],"author":[{"embeddable":true,"href":"https:\/\/www.acapulcopress.com\/index.php\/wp-json\/wp\/v2\/users\/2"}],"replies":[{"embeddable":true,"href":"https:\/\/www.acapulcopress.com\/index.php\/wp-json\/wp\/v2\/comments?post=1229881"}],"version-history":[{"count":0,"href":"https:\/\/www.acapulcopress.com\/index.php\/wp-json\/wp\/v2\/posts\/1229881\/revisions"}],"wp:featuredmedia":[{"embeddable":true,"href":"https:\/\/www.acapulcopress.com\/index.php\/wp-json\/"}],"wp:attachment":[{"href":"https:\/\/www.acapulcopress.com\/index.php\/wp-json\/wp\/v2\/media?parent=1229881"}],"wp:term":[{"taxonomy":"category","embeddable":true,"href":"https:\/\/www.acapulcopress.com\/index.php\/wp-json\/wp\/v2\/categories?post=1229881"},{"taxonomy":"post_tag","embeddable":true,"href":"https:\/\/www.acapulcopress.com\/index.php\/wp-json\/wp\/v2\/tags?post=1229881"}],"curies":[{"name":"wp","href":"https:\/\/api.w.org\/{rel}","templated":true}]}}