{"id":1229887,"date":"2021-06-16T17:22:02","date_gmt":"2021-06-16T22:22:02","guid":{"rendered":"https:\/\/www.acapulco.press\/?p=1229887"},"modified":"2021-06-16T17:22:02","modified_gmt":"2021-06-16T22:22:02","slug":"fge-reaprehenden-a-un-secuestrador-y-captura-a-un-despojador","status":"publish","type":"post","link":"https:\/\/www.acapulcopress.com\/index.php\/2021\/06\/16\/fge-reaprehenden-a-un-secuestrador-y-captura-a-un-despojador\/","title":{"rendered":"FGE reaprehenden a un secuestrador y captura a un despojador"},"content":{"rendered":"<p style=\"text-align: justify;\">] CHILPANCINGO. * 16 de junio de 2021.<br \/>\n<em>) <a href=\"https:\/\/fiscaliaguerrero.gob.mx\" target=\"_blank\" rel=\"noopener\">https:\/\/fiscaliaguerrero.gob.mx<\/a>.<\/em><\/p>\n<p style=\"text-align: justify;\">Fiscal\u00eda de Guerrero, a trav\u00e9s de la Polic\u00eda Investigadora Ministerial, cumpliment\u00f3 la orden de reaprehensi\u00f3n en contra de quien dijo llamarse Lorenzo \u00abN\u00bb, detenido como probable responsable del delito de privaci\u00f3n de la libertad, hechos en la causa penal 03\/2015-I, puesto a disposici\u00f3n del Juez Penal del Distrito Judicial de Allende, en Ayutla de los Libres.<\/p>\n<p style=\"text-align: justify;\">En otro caso, la Polic\u00eda Investigadora Ministerial de Acapulco dio cumplimiento al mandato judicial en contra de quien dijo llamarse Roberto \u00abN\u00bb, detenido como probable responsable del delito de despojo de bienes inmuebles o de aguas, hechos en la causa penal 126-I\/2005, quedando a disposici\u00f3n del juez correspondiente.<\/p>\n<p><img loading=\"lazy\" decoding=\"async\" class=\"alignnone wp-image-1229889 \" src=\"https:\/\/www.acapulco.press\/wp-content\/uploads\/2021\/06\/FGE-ROBETO.jpg\" alt=\"\" width=\"788\" height=\"763\" \/><\/p>\n","protected":false},"excerpt":{"rendered":"<p>] CHILPANCINGO. * 16 de junio de 2021. ) https:\/\/fiscaliaguerrero.gob.mx. Fiscal\u00eda de Guerrero, a trav\u00e9s de la Polic\u00eda Investigadora Ministerial, cumpliment\u00f3 la orden de reaprehensi\u00f3n en contra de quien dijo llamarse Lorenzo \u00abN\u00bb, detenido como probable responsable del delito de privaci\u00f3n de la libertad, hechos en la causa penal 03\/2015-I, puesto a disposici\u00f3n del Juez&#8230;<\/p>\n","protected":false},"author":2,"featured_media":1229888,"comment_status":"closed","ping_status":"closed","sticky":false,"template":"","format":"standard","meta":{"footnotes":""},"categories":[1969,2005],"tags":[8709,10946,14737],"class_list":["post-1229887","post","type-post","status-publish","format-standard","has-post-thumbnail","hentry","category-trending","category-seguridad-y-justicia","tag-fiscalia-general-del-estado-e-guerrero-fgegro","tag-jorge-zuriel-de-los-santos-barrila","tag-policia-ministerial-de-guerrero"],"_links":{"self":[{"href":"https:\/\/www.acapulcopress.com\/index.php\/wp-json\/wp\/v2\/posts\/1229887","targetHints":{"allow":["GET"]}}],"collection":[{"href":"https:\/\/www.acapulcopress.com\/index.php\/wp-json\/wp\/v2\/posts"}],"about":[{"href":"https:\/\/www.acapulcopress.com\/index.php\/wp-json\/wp\/v2\/types\/post"}],"author":[{"embeddable":true,"href":"https:\/\/www.acapulcopress.com\/index.php\/wp-json\/wp\/v2\/users\/2"}],"replies":[{"embeddable":true,"href":"https:\/\/www.acapulcopress.com\/index.php\/wp-json\/wp\/v2\/comments?post=1229887"}],"version-history":[{"count":0,"href":"https:\/\/www.acapulcopress.com\/index.php\/wp-json\/wp\/v2\/posts\/1229887\/revisions"}],"wp:featuredmedia":[{"embeddable":true,"href":"https:\/\/www.acapulcopress.com\/index.php\/wp-json\/"}],"wp:attachment":[{"href":"https:\/\/www.acapulcopress.com\/index.php\/wp-json\/wp\/v2\/media?parent=1229887"}],"wp:term":[{"taxonomy":"category","embeddable":true,"href":"https:\/\/www.acapulcopress.com\/index.php\/wp-json\/wp\/v2\/categories?post=1229887"},{"taxonomy":"post_tag","embeddable":true,"href":"https:\/\/www.acapulcopress.com\/index.php\/wp-json\/wp\/v2\/tags?post=1229887"}],"curies":[{"name":"wp","href":"https:\/\/api.w.org\/{rel}","templated":true}]}}