{"id":1229894,"date":"2021-06-16T18:30:20","date_gmt":"2021-06-16T23:30:20","guid":{"rendered":"https:\/\/www.acapulco.press\/?p=1229894"},"modified":"2021-06-16T18:30:20","modified_gmt":"2021-06-16T23:30:20","slug":"senador-anorve-rechaza-desaparicion-del-ine-y-favorece-energias-limpias","status":"publish","type":"post","link":"https:\/\/www.acapulcopress.com\/index.php\/2021\/06\/16\/senador-anorve-rechaza-desaparicion-del-ine-y-favorece-energias-limpias\/","title":{"rendered":"Senador A\u00f1orve rechaza desaparici\u00f3n del INE y favorece energ\u00edas limpias"},"content":{"rendered":"<p style=\"text-align: justify;\">* Manuel A\u00f1orve tambi\u00e9n se mostr\u00f3 en contra de la militarizaci\u00f3n de la Guardia Nacional<\/p>\n<p>] <strong>SENADO DE LA REP\u00daBLICA<\/strong>. * 16 de junio de 2021.<br \/>\n<em>) Comunicado.<\/em><\/p>\n<p style=\"text-align: justify;\">Al finalizar su participaci\u00f3n en la Sesi\u00f3n Ordinaria de la Comisi\u00f3n Permanente del Congreso de la Uni\u00f3n, el Senador Manuel A\u00f1orve declar\u00f3, en entrevista, que el grupo parlamentario del PRI en el Senado impulsar\u00e1 el debate profundo y responsable de las iniciativas que ser\u00edan propuestas por el Presidente.<\/p>\n<p style=\"text-align: justify;\">Dej\u00f3 en claro que se discuti\u00f3 y aprob\u00f3 una Guardia Nacional con un mando civil, por lo que no pueden estar a favor de militarizar al pa\u00eds.<\/p>\n<p style=\"text-align: justify;\">El legislador guerrerense tambi\u00e9n se\u00f1al\u00f3 que se debe discutir la posibilidad de una reforma electoral, pero para fortalecer al INE y al Tribunal Electoral, no para desmantelarlas.<\/p>\n<p style=\"text-align: justify;\">Asimismo, A\u00f1orve Ba\u00f1os puntualiz\u00f3 que est\u00e1n abiertos a revisar una reforma energ\u00e9tica, pero siempre dando prioridad a las energ\u00edas limpias.<\/p>\n<p style=\"text-align: justify;\">En suma, expres\u00f3 el Senador A\u00f1orve, el Grupo parlamentario del PRI en el Senado est\u00e1 dispuesto a apoyar todo lo que sirva a la sociedad y sea en beneficio de M\u00e9xico.<\/p>\n","protected":false},"excerpt":{"rendered":"<p>* Manuel A\u00f1orve tambi\u00e9n se mostr\u00f3 en contra de la militarizaci\u00f3n de la Guardia Nacional ] SENADO DE LA REP\u00daBLICA. * 16 de junio de 2021. ) Comunicado. Al finalizar su participaci\u00f3n en la Sesi\u00f3n Ordinaria de la Comisi\u00f3n Permanente del Congreso de la Uni\u00f3n, el Senador Manuel A\u00f1orve declar\u00f3, en entrevista, que el grupo&#8230;<\/p>\n","protected":false},"author":2,"featured_media":1229895,"comment_status":"closed","ping_status":"closed","sticky":false,"template":"","format":"standard","meta":{"footnotes":""},"categories":[61,18561],"tags":[9536,12366],"class_list":["post-1229894","post","type-post","status-publish","format-standard","has-post-thumbnail","hentry","category-legislacion","category-society-politics","tag-guardia-nacional-mexico-gnm","tag-manuel-anorve-banos"],"_links":{"self":[{"href":"https:\/\/www.acapulcopress.com\/index.php\/wp-json\/wp\/v2\/posts\/1229894","targetHints":{"allow":["GET"]}}],"collection":[{"href":"https:\/\/www.acapulcopress.com\/index.php\/wp-json\/wp\/v2\/posts"}],"about":[{"href":"https:\/\/www.acapulcopress.com\/index.php\/wp-json\/wp\/v2\/types\/post"}],"author":[{"embeddable":true,"href":"https:\/\/www.acapulcopress.com\/index.php\/wp-json\/wp\/v2\/users\/2"}],"replies":[{"embeddable":true,"href":"https:\/\/www.acapulcopress.com\/index.php\/wp-json\/wp\/v2\/comments?post=1229894"}],"version-history":[{"count":0,"href":"https:\/\/www.acapulcopress.com\/index.php\/wp-json\/wp\/v2\/posts\/1229894\/revisions"}],"wp:featuredmedia":[{"embeddable":true,"href":"https:\/\/www.acapulcopress.com\/index.php\/wp-json\/"}],"wp:attachment":[{"href":"https:\/\/www.acapulcopress.com\/index.php\/wp-json\/wp\/v2\/media?parent=1229894"}],"wp:term":[{"taxonomy":"category","embeddable":true,"href":"https:\/\/www.acapulcopress.com\/index.php\/wp-json\/wp\/v2\/categories?post=1229894"},{"taxonomy":"post_tag","embeddable":true,"href":"https:\/\/www.acapulcopress.com\/index.php\/wp-json\/wp\/v2\/tags?post=1229894"}],"curies":[{"name":"wp","href":"https:\/\/api.w.org\/{rel}","templated":true}]}}