{"id":1229919,"date":"2021-06-16T19:51:18","date_gmt":"2021-06-17T00:51:18","guid":{"rendered":"https:\/\/www.acapulco.press\/?p=1229919"},"modified":"2021-06-16T19:51:18","modified_gmt":"2021-06-17T00:51:18","slug":"francia-pone-fin-al-uso-obligatorio-de-cubrebocas-al-aire-libre","status":"publish","type":"post","link":"https:\/\/www.acapulcopress.com\/index.php\/2021\/06\/16\/francia-pone-fin-al-uso-obligatorio-de-cubrebocas-al-aire-libre\/","title":{"rendered":"Francia pone fin al uso obligatorio de cubrebocas al aire libre"},"content":{"rendered":"<p style=\"text-align: justify;\">] <strong>PARIS<\/strong>. * 16 de junio de 2021.<br \/>\n<em>) <a href=\"https:\/\/www.telam.com.ar\/notas\/202106\/557954-francia-barbijo-coronavirus-pandemia.html\" target=\"_blank\" rel=\"noopener\">T\u00e9lam<\/a>.<\/em><\/p>\n<p style=\"text-align: justify;\">Francia eliminar\u00e1 a partir del jueves el uso obligatorio del tapaboca al aire libre, restricci\u00f3n que s\u00f3lo seguir\u00e1 vigente en encuentros muy numerosos, lugares muy concurridos o estadios, en otro paso del proceso de relajamiento de las medidas contra el <img loading=\"lazy\" decoding=\"async\" class=\"alignleft size-medium wp-image-1229921\" src=\"https:\/\/www.acapulco.press\/wp-content\/uploads\/2021\/06\/FRANCIA-SUBREBOCAS-375x211.jpg\" alt=\"\" width=\"375\" height=\"211\" \/>coronavirus que tambi\u00e9n incluir\u00e1 el levantamiento del toque de queda a partir del domingo, anunci\u00f3 el primer ministro franc\u00e9s Jean Castex.<\/p>\n<p style=\"text-align: justify;\">Estas decisiones se tomaron porque la situaci\u00f3n sanitaria \u00abmejora m\u00e1s r\u00e1pido de lo que hab\u00edamos previsto\u00bb, explic\u00f3 el primer ministro, tras una reuni\u00f3n del Consejo de Defensa y del consejo de ministros.<\/p>\n<p style=\"text-align: justify;\">Con este anuncio, Francia se suma al grupo de pa\u00edses como Israel o Estados Unidos, que debido a su alta tasa de de vacunaci\u00f3n ya decretaron que sus ciudadanos no tienen que utilizar los tapaboca en la calle.<\/p>\n<p style=\"text-align: justify;\">La semana pasada, Dinamarca se convirti\u00f3 en el primer pa\u00eds europeo en eliminar el uso obligatorio de tapaboca en interiores, <img loading=\"lazy\" decoding=\"async\" class=\"alignleft size-medium wp-image-1229922\" src=\"https:\/\/www.acapulco.press\/wp-content\/uploads\/2021\/06\/FRANCIA-SUBREBOCAS3-375x211.jpg\" alt=\"\" width=\"375\" height=\"211\" \/>salvo para el transporte p\u00fablico, y el lunes el ministro de Salud federal alem\u00e1n, Jens Spahn, tambi\u00e9n se pronunci\u00f3 a favor del fin gradual de los barbijos obligatorios.<\/p>\n<p style=\"text-align: justify;\">En Austria tampoco es obligatorio llevarlos en espacios exteriores, y a partir del 1 de julio, si la situaci\u00f3n epidemiol\u00f3gica es favorable, tampoco ser\u00e1 necesario en los interiores, mientras B\u00e9lgica dej\u00f3 atr\u00e1s la obligaci\u00f3n de utilizarla en espacios abiertos el pasado 9 de junio.<\/p>\n<p style=\"text-align: justify;\">En Francia, el Gobierno tom\u00f3 esta decisi\u00f3n cuando los nuevos casos de Covid-19 llegaron a 3.200 el martes, el nivel m\u00e1s bajo desde agosto de 2020.<\/p>\n<p style=\"text-align: justify;\">Castex anunci\u00f3 adem\u00e1s que 35 millones de franceses estar\u00e1n totalmente vacunados a finales de agosto, es decir, algo m\u00e1s de la mitad de la poblaci\u00f3n.<\/p>\n<p style=\"text-align: justify;\">El martes, las autoridades francesas anunciaron que la campa\u00f1a de inmunizaci\u00f3n masiva contra el coronavirus sumaba a los menores de 18 a\u00f1os, que deber\u00e1n contar con la autorizaci\u00f3n de sus progenitores para poder administrarse la dosis.<\/p>\n<p style=\"text-align: justify;\">Por otra parte, el ministro de Salud, Olivier Veran, alert\u00f3 sobre la r\u00e1pida propagaci\u00f3n de la variante india Delta en Francia e indic\u00f3 que entre el 2% y el 4% de los test que dan positivo corresponden a esa mutaci\u00f3n.<\/p>\n<p style=\"text-align: justify;\">El martes, al menos 30,7 millones de franceses hab\u00edan recibido al menos una dosis y 16,7 millones estaban totalmente vacunados.<\/p>\n<p style=\"text-align: justify;\">Actualmente el pa\u00eds cuenta con una incidencia de unos 43 casos por cada 100.000 habitantes a nivel nacional.<\/p>\n","protected":false},"excerpt":{"rendered":"<p>] PARIS. * 16 de junio de 2021. ) T\u00e9lam. Francia eliminar\u00e1 a partir del jueves el uso obligatorio del tapaboca al aire libre, restricci\u00f3n que s\u00f3lo seguir\u00e1 vigente en encuentros muy numerosos, lugares muy concurridos o estadios, en otro paso del proceso de relajamiento de las medidas contra el coronavirus que tambi\u00e9n incluir\u00e1 el&#8230;<\/p>\n","protected":false},"author":2,"featured_media":1229920,"comment_status":"closed","ping_status":"closed","sticky":false,"template":"","format":"standard","meta":{"footnotes":""},"categories":[1969,1972],"tags":[6705,6830,10658],"class_list":["post-1229919","post","type-post","status-publish","format-standard","has-post-thumbnail","hentry","category-trending","category-special","tag-covid19","tag-cubrebocas","tag-jean-castex"],"_links":{"self":[{"href":"https:\/\/www.acapulcopress.com\/index.php\/wp-json\/wp\/v2\/posts\/1229919","targetHints":{"allow":["GET"]}}],"collection":[{"href":"https:\/\/www.acapulcopress.com\/index.php\/wp-json\/wp\/v2\/posts"}],"about":[{"href":"https:\/\/www.acapulcopress.com\/index.php\/wp-json\/wp\/v2\/types\/post"}],"author":[{"embeddable":true,"href":"https:\/\/www.acapulcopress.com\/index.php\/wp-json\/wp\/v2\/users\/2"}],"replies":[{"embeddable":true,"href":"https:\/\/www.acapulcopress.com\/index.php\/wp-json\/wp\/v2\/comments?post=1229919"}],"version-history":[{"count":0,"href":"https:\/\/www.acapulcopress.com\/index.php\/wp-json\/wp\/v2\/posts\/1229919\/revisions"}],"wp:featuredmedia":[{"embeddable":true,"href":"https:\/\/www.acapulcopress.com\/index.php\/wp-json\/"}],"wp:attachment":[{"href":"https:\/\/www.acapulcopress.com\/index.php\/wp-json\/wp\/v2\/media?parent=1229919"}],"wp:term":[{"taxonomy":"category","embeddable":true,"href":"https:\/\/www.acapulcopress.com\/index.php\/wp-json\/wp\/v2\/categories?post=1229919"},{"taxonomy":"post_tag","embeddable":true,"href":"https:\/\/www.acapulcopress.com\/index.php\/wp-json\/wp\/v2\/tags?post=1229919"}],"curies":[{"name":"wp","href":"https:\/\/api.w.org\/{rel}","templated":true}]}}