{"id":1229953,"date":"2021-06-16T21:30:18","date_gmt":"2021-06-17T02:30:18","guid":{"rendered":"https:\/\/www.acapulco.press\/?p=1229953"},"modified":"2021-06-16T21:30:18","modified_gmt":"2021-06-17T02:30:18","slug":"gobierno-del-estado-no-autorizo-el-acamoto-2021","status":"publish","type":"post","link":"https:\/\/www.acapulcopress.com\/index.php\/2021\/06\/16\/gobierno-del-estado-no-autorizo-el-acamoto-2021\/","title":{"rendered":"Gobierno del Estado no autoriz\u00f3 el Acamoto 2021"},"content":{"rendered":"<p style=\"text-align: justify;\">] CHILPANCINGO. * 16 de junio de 2021.<br \/>\n<em>) Gobierno de Guerrero.<\/em><\/p>\n<p style=\"text-align: justify;\">El gobernador H\u00e9ctor Astudillo Flores y las autoridades de la Mesa de Coordinaci\u00f3n para la Construcci\u00f3n de la Paz, acordaron fortalecer la seguridad en los municipios de Taxco y Tixtla, donde se registraron lamentables hechos delictivos y establecieron que no est\u00e1 autorizado el evento masivo \u00abAcamoto\u00bb por representar riesgos ante la pandemia por COVID-19 y dieron seguimiento al programa de vacunaci\u00f3n estatal contra el coronavirus.<\/p>\n<p style=\"text-align: justify;\">Al evaluar las actividades de seguridad, acordaron reforzar en los pr\u00f3ximos d\u00edas en coordinaci\u00f3n con la Secretar\u00eda de la Defensa Nacional, Guardia Nacional y Fiscal\u00eda General del Estado, zonas de incidencia delincuencial.<\/p>\n<p style=\"text-align: justify;\">El fiscal General del estado, Jorge Zuriel de los Santos Barrila, inform\u00f3 que se avanza en la investigaci\u00f3n sobre las seis v\u00edctimas de la localidad de Corralejo, as\u00ed como en hechos delictivos registrados en Tixtla, entre otros temas de seguridad.<\/p>\n<p style=\"text-align: justify;\">El secretario de Seguridad P\u00fablica, David Portillo Menchaca, inform\u00f3 de las actividades de seguridad coordinada con las autoridades para la Construcci\u00f3n de la Paz en zonas donde se han presentado incidencias delictivas en los \u00faltimos d\u00edas.<br \/>\nLas autoridades de turismo, salud, seguridad y el gobernador Astudillo Flores, indicaron que el evento masivo denominado ACAMOTO en el puerto de Acapulco, no est\u00e1 autorizado en su realizaci\u00f3n como se ha difundido en redes sociales, pues dicho evento representa un riesgo sanitario ante la pandemia.<\/p>\n<p style=\"text-align: justify;\">Por su parte, el secretario de Salud, Carlos de la Pe\u00f1a, inform\u00f3 sobre el panorama estatal del desarrollo de la pandemia por COVID-19 y llam\u00f3 a continuar con la precauci\u00f3n y cuidados sanitarios para continuar en sem\u00e1foro epidemiol\u00f3gico verde de riesgo bajo.<\/p>\n<p style=\"text-align: justify;\">Por su parte, el delegado Federal en Guerrero, Iv\u00e1n Hern\u00e1ndez D\u00edaz, inform\u00f3 que este martes, se logr\u00f3 vacunar a casi 12 mil personas, principalmente con la segunda dosis a adultos de 50 a 59 a\u00f1os de edad y este mi\u00e9rcoles contin\u00faa la vacunaci\u00f3n al mismo segmento de edad en cinco macro puntos en Acapulco.<\/p>\n<p style=\"text-align: justify;\">El secretario de Protecci\u00f3n Civil Guerrero, Marco C\u00e9sar Mayares Salvador, inform\u00f3 que se mantendr\u00e1 la misma condici\u00f3n de lluvias que se ha tenido en los \u00faltimos d\u00edas en la mayor parte del estado, por lo que ya se han enviado los exhortos correspondientes a los municipios para mantener alertas ante esta situaci\u00f3n climatol\u00f3gica.<\/p>\n<p style=\"text-align: justify;\">Estuvieron presentes el secretario General de Gobierno, Florencio Salazar Adame; el comandante de la 27 zona Militar, Federico San Juan Rosales; el comandante de la 35 zona Militar, Miguel \u00c1ngel Aguirre Lara; el coordinador estatal de la Guardia Nacional, Lucio Vergara G\u00f3mez; el delegado de la FGR, Fernando Garc\u00eda Fern\u00e1ndez.<\/p>\n<p style=\"text-align: justify;\">As\u00ed como los representantes de los mandos de la Novena Regi\u00f3n Militar y de la Octava Regi\u00f3n Naval, el representante del Centro Nacional de Inteligencia, Juan Gabriel Sosa Pintos; el secretario T\u00e9cnico, Hermes Teodoro Gonz\u00e1lez; el presidente de Coparmex Chilpancingo, Joel Moreno Temelo; el subsecretario de Asuntos Pol\u00edticos, Mart\u00edn Maldonado del Moral, entre otros funcionarios estatales y federales.<\/p>\n","protected":false},"excerpt":{"rendered":"<p>] CHILPANCINGO. * 16 de junio de 2021. ) Gobierno de Guerrero. El gobernador H\u00e9ctor Astudillo Flores y las autoridades de la Mesa de Coordinaci\u00f3n para la Construcci\u00f3n de la Paz, acordaron fortalecer la seguridad en los municipios de Taxco y Tixtla, donde se registraron lamentables hechos delictivos y establecieron que no est\u00e1 autorizado el&#8230;<\/p>\n","protected":false},"author":2,"featured_media":1229955,"comment_status":"closed","ping_status":"closed","sticky":false,"template":"","format":"standard","meta":{"footnotes":""},"categories":[1983,18561],"tags":[3148,6705,9302,9705,12964],"class_list":["post-1229953","post","type-post","status-publish","format-standard","has-post-thumbnail","hentry","category-guerrerogob","category-society-politics","tag-acamoto-2021","tag-covid19","tag-gobierno-de-guerrero","tag-hector-astudillo-flores","tag-mesa-de-coordinacion-para-la-construccion-de-la-paz"],"_links":{"self":[{"href":"https:\/\/www.acapulcopress.com\/index.php\/wp-json\/wp\/v2\/posts\/1229953","targetHints":{"allow":["GET"]}}],"collection":[{"href":"https:\/\/www.acapulcopress.com\/index.php\/wp-json\/wp\/v2\/posts"}],"about":[{"href":"https:\/\/www.acapulcopress.com\/index.php\/wp-json\/wp\/v2\/types\/post"}],"author":[{"embeddable":true,"href":"https:\/\/www.acapulcopress.com\/index.php\/wp-json\/wp\/v2\/users\/2"}],"replies":[{"embeddable":true,"href":"https:\/\/www.acapulcopress.com\/index.php\/wp-json\/wp\/v2\/comments?post=1229953"}],"version-history":[{"count":0,"href":"https:\/\/www.acapulcopress.com\/index.php\/wp-json\/wp\/v2\/posts\/1229953\/revisions"}],"wp:featuredmedia":[{"embeddable":true,"href":"https:\/\/www.acapulcopress.com\/index.php\/wp-json\/"}],"wp:attachment":[{"href":"https:\/\/www.acapulcopress.com\/index.php\/wp-json\/wp\/v2\/media?parent=1229953"}],"wp:term":[{"taxonomy":"category","embeddable":true,"href":"https:\/\/www.acapulcopress.com\/index.php\/wp-json\/wp\/v2\/categories?post=1229953"},{"taxonomy":"post_tag","embeddable":true,"href":"https:\/\/www.acapulcopress.com\/index.php\/wp-json\/wp\/v2\/tags?post=1229953"}],"curies":[{"name":"wp","href":"https:\/\/api.w.org\/{rel}","templated":true}]}}