{"id":1229980,"date":"2021-06-17T18:37:56","date_gmt":"2021-06-17T23:37:56","guid":{"rendered":"https:\/\/www.acapulco.press\/?p=1229980"},"modified":"2021-06-17T18:37:56","modified_gmt":"2021-06-17T23:37:56","slug":"fge-vincula-a-proceso-a-policia-secuestrador-de-huamuxtitlan","status":"publish","type":"post","link":"https:\/\/www.acapulcopress.com\/index.php\/2021\/06\/17\/fge-vincula-a-proceso-a-policia-secuestrador-de-huamuxtitlan\/","title":{"rendered":"FGE vincula a proceso a ex polic\u00eda secuestrador de Huamuxtitl\u00e1n"},"content":{"rendered":"<p style=\"text-align: justify;\">] CHILPANCINGO. * 17 de junio de 2021.<br \/>\n<em>) <a href=\"https:\/\/fiscaliaguerrero.gob.mx\" target=\"_blank\" rel=\"noopener\">https:\/\/fiscaliaguerrero.gob.mx<\/a>.<\/em><\/p>\n<p style=\"text-align: justify;\">El Ministerio P\u00fablico adscrito en Tlapa de Comonfort obtuvo vinculaci\u00f3n a proceso en contra de Johny \u00abN\u00bb, quien se desempe\u00f1aba como Polic\u00eda Municipal de Huamuxtitl\u00e1n, acusado como probable responsable del delito de secuestro agravado, hechos dentro de la carpeta judicial C-70\/2020.<\/p>\n<p style=\"text-align: justify;\">El imputado es acusado de privar de la libertad a la v\u00edctima el d\u00eda 24 de mayo de 2020, junto con otros c\u00f3mplices a la altura de la carretera Huamuxtitl\u00e1n-Santa Cruz para luego ser entregado a personas desconocidas, quienes exigieron un pago por su rescate.<\/p>\n<p style=\"text-align: justify;\">Derivado de las investigaciones realizadas por el Grupo Antisecuestro, se cumpliment\u00f3 la orden de aprehensi\u00f3n en contra de Johny \u00abN\u00bb.<\/p>\n<p style=\"text-align: justify;\">En audiencia inicial el Ministerio P\u00fablico aport\u00f3 los datos de prueba y el Juez de Control y Enjuiciamiento Penal dict\u00f3 vinculaci\u00f3n a proceso, quedando vigente la medida cautelar de prisi\u00f3n preventiva oficiosa, quedando interno en el Centro de Reinserci\u00f3n Social de Tlapa.<\/p>\n<p>HOMICIDA VINCULADO A PROCESO<\/p>\n<p>El Ministerio P\u00fablico adscrito en Abasolo obtuvo vinculaci\u00f3n a proceso en contra de Santiago \u00abN\u00bb, acusado como probable responsable del delito de homicidio por objeto punzante en agravio de Cas\u00e1reo \u00abN\u00bb.<\/p>\n<p style=\"text-align: justify;\">De acuerdo a la carpeta judicial C-46\/2021, la v\u00edctima se encontraba el d\u00eda 31 de mayo de 2021 sentado en una silla en el interior de su domicilio, en el Barrio Bocote, de Ometepec, cuando hasta ah\u00ed lleg\u00f3 el imputado con objeto punzante (picahielo) provoc\u00e1ndole heridas de gravedad que lo privaron de la vida.<\/p>\n<p style=\"text-align: justify;\">Con fecha 16 de junio de 2021, el Juez de Control y Enjuiciamiento Penal vincul\u00f3 a proceso al imputado Santiago \u00abN\u00bb, por el delito en menci\u00f3n, concedi\u00e9ndole tres meses de investigaci\u00f3n complementaria, quedando interno en el Centro de Reinserci\u00f3n Social con la medida vigente de prisi\u00f3n preventiva oficiosa.<\/p>\n<p><img loading=\"lazy\" decoding=\"async\" class=\"alignnone wp-image-1229983 \" src=\"https:\/\/www.acapulco.press\/wp-content\/uploads\/2021\/06\/fge-santiago-asesino.jpg\" alt=\"\" width=\"806\" height=\"781\" \/><\/p>\n<p>FISCAL\u00cdAS DE GUERERRO Y MICHOACA\u00b4N CAPTURAN A VIOLADOR<\/p>\n<p>En cumplimiento a la colaboraci\u00f3n entre la Fiscal\u00eda de Guerrero y su hom\u00f3loga la Fiscal\u00eda de Michoac\u00e1n, agentes ministeriales de San Luis Acatl\u00e1n dieron cumplimiento a la orden de aprehensi\u00f3n en contra de Alexis \u00abN\u00bb como probable responsable del delito de violaci\u00f3n equiparada.<\/p>\n<p>El imputado fue requerido mediante oficio de colaboraci\u00f3n FGE\/CGPM\/AJ\/1896\/2021, dando cumplimiento agentes de la Coordinaci\u00f3n de la Polic\u00eda Ministerial en Costa Chica.<\/p>\n<p>Despu\u00e9s de realizar los tr\u00e1mites correspondientes ser\u00e1 puesto a disposici\u00f3n ante el juez que lo requiere, en el estado de Michoac\u00e1n, por hechos en la causa penal penal 110\/2021.<\/p>\n<p><img loading=\"lazy\" decoding=\"async\" class=\"alignnone wp-image-1229981 \" src=\"https:\/\/www.acapulco.press\/wp-content\/uploads\/2021\/06\/fge-alexis-secuestro.jpg\" alt=\"\" width=\"806\" height=\"806\" \/><\/p>\n","protected":false},"excerpt":{"rendered":"<p>] CHILPANCINGO. * 17 de junio de 2021. ) https:\/\/fiscaliaguerrero.gob.mx. El Ministerio P\u00fablico adscrito en Tlapa de Comonfort obtuvo vinculaci\u00f3n a proceso en contra de Johny \u00abN\u00bb, quien se desempe\u00f1aba como Polic\u00eda Municipal de Huamuxtitl\u00e1n, acusado como probable responsable del delito de secuestro agravado, hechos dentro de la carpeta judicial C-70\/2020. El imputado es acusado&#8230;<\/p>\n","protected":false},"author":2,"featured_media":1229982,"comment_status":"closed","ping_status":"closed","sticky":false,"template":"","format":"standard","meta":{"footnotes":""},"categories":[1969,2005],"tags":[8709,10946,14737],"class_list":["post-1229980","post","type-post","status-publish","format-standard","has-post-thumbnail","hentry","category-trending","category-seguridad-y-justicia","tag-fiscalia-general-del-estado-e-guerrero-fgegro","tag-jorge-zuriel-de-los-santos-barrila","tag-policia-ministerial-de-guerrero"],"_links":{"self":[{"href":"https:\/\/www.acapulcopress.com\/index.php\/wp-json\/wp\/v2\/posts\/1229980","targetHints":{"allow":["GET"]}}],"collection":[{"href":"https:\/\/www.acapulcopress.com\/index.php\/wp-json\/wp\/v2\/posts"}],"about":[{"href":"https:\/\/www.acapulcopress.com\/index.php\/wp-json\/wp\/v2\/types\/post"}],"author":[{"embeddable":true,"href":"https:\/\/www.acapulcopress.com\/index.php\/wp-json\/wp\/v2\/users\/2"}],"replies":[{"embeddable":true,"href":"https:\/\/www.acapulcopress.com\/index.php\/wp-json\/wp\/v2\/comments?post=1229980"}],"version-history":[{"count":0,"href":"https:\/\/www.acapulcopress.com\/index.php\/wp-json\/wp\/v2\/posts\/1229980\/revisions"}],"wp:featuredmedia":[{"embeddable":true,"href":"https:\/\/www.acapulcopress.com\/index.php\/wp-json\/"}],"wp:attachment":[{"href":"https:\/\/www.acapulcopress.com\/index.php\/wp-json\/wp\/v2\/media?parent=1229980"}],"wp:term":[{"taxonomy":"category","embeddable":true,"href":"https:\/\/www.acapulcopress.com\/index.php\/wp-json\/wp\/v2\/categories?post=1229980"},{"taxonomy":"post_tag","embeddable":true,"href":"https:\/\/www.acapulcopress.com\/index.php\/wp-json\/wp\/v2\/tags?post=1229980"}],"curies":[{"name":"wp","href":"https:\/\/api.w.org\/{rel}","templated":true}]}}