{"id":1229989,"date":"2021-06-17T19:01:06","date_gmt":"2021-06-18T00:01:06","guid":{"rendered":"https:\/\/www.acapulco.press\/?p=1229989"},"modified":"2021-06-17T19:01:06","modified_gmt":"2021-06-18T00:01:06","slug":"rafael-nadal-renuncia-a-wimbledon-y-a-los-juegos-olimpicos","status":"publish","type":"post","link":"https:\/\/www.acapulcopress.com\/index.php\/2021\/06\/17\/rafael-nadal-renuncia-a-wimbledon-y-a-los-juegos-olimpicos\/","title":{"rendered":"Rafael Nadal renuncia a Wimbledon y a los Juegos Ol\u00edmpicos"},"content":{"rendered":"<p style=\"text-align: justify;\">] TWITTER. * 17 de junio de 2021.<br \/>\n<em>) <a href=\"https:\/\/www.efe.com\/efe\/america\/deportes\/nadal-renuncia-a-wimbledon-y-los-juegos-olimpicos\/20000010-4564823\" target=\"_blank\" rel=\"noopener\">Efe<\/a>.<\/em><\/p>\n<p style=\"text-align: justify;\">Rafael Nadal anunci\u00f3 este jueves su decisi\u00f3n de no participar ni en el torneo de Wimbledon ni en los Juegos Ol\u00edmpicos de Tokio para \u00abprevenir cualquier tipo de excesos\u00bb en su cuerpo.<\/p>\n<p style=\"text-align: justify;\">Estos excesos podr\u00edan impedirle \u00abseguir luchando en el medio y largo plazo por los t\u00edtulos\u00bb, ha dicho el jugador espa\u00f1ol, n\u00famero tres mundial.<\/p>\n<p style=\"text-align: justify;\">\u00abHola a todos. Quiero comunicaros que he decidido no participar en la pr\u00f3xima edici\u00f3n de Wimbledon que se disputar\u00e1 del 28 de junio al 11 de julio. Tampoco jugar\u00e9 los Juegos Ol\u00edmpicos previstos finalmente del 24 al 30 de julio\u00bb, apunt\u00f3 Nadal.<\/p>\n<p style=\"text-align: justify;\">\u00abEs una decisi\u00f3n que nunca resulta f\u00e1cil de tomar\u00bb, a\u00f1ade en un comunicado en sus redes sociales. \u00abTras escuchar a mi cuerpo y hablar con mi equipo entiendo que es la decisi\u00f3n acertada con el objetivo de alargar mi carrera deportiva y seguir haciendo lo que me hace feliz: competir al m\u00e1ximo nivel y seguir luchando\u00bb.<\/p>\n<p style=\"text-align: justify;\">Nadal dice que las solo dos semanas que separan Roland Garros y Wimbledon este a\u00f1o -el torneo franc\u00e9s fue retrasado por motivo de la pandemia- le ha impedido recuperarse \u00abde la siempre exigente temporada de tierra batida\u00bb.<\/p>\n<p style=\"text-align: justify;\">\u00abHan sido dos meses de un gran esfuerzo y la decisi\u00f3n que tomo va enfocada al medio y largo plazo\u00bb, destaca.<\/p>\n<p style=\"text-align: justify;\">\u00abEn estos momentos de mi carrera como deportista, una parte importante es la prevenci\u00f3n de cualquier tipo de excesos en mi cuerpo que pudieran impedir seguir luchando en el medio y largo plazo por los t\u00edtulos\u00bb, indica el jugador, que en el reciente torneo de Roland Garros cay\u00f3 en semifinales ante el serbio Novak Djokovic, l\u00edder de la clasificaci\u00f3n mundial.<\/p>\n<p style=\"text-align: justify;\">El jugador mallorqu\u00edn subraya que los Juegos Ol\u00edmpicos \u00abhan significado mucho\u00bb en su carrera \u00absiempre fueron una prioridad como deportista\u00bb.<\/p>\n<p style=\"text-align: justify;\">\u00abEncontr\u00e9 el ambiente que todo deportista quiere sentir al menos una vez y personalmente tuve la suerte de vivirlos intensamente en tres ocasiones y adem\u00e1s ser el abanderado de mi pa\u00eds\u00bb, afirma Nadal, que fue campe\u00f3n ol\u00edmpico individual en Beijing 2008 y en dobles en R\u00edo 2016 junto con Marc L\u00f3pez.<\/p>\n<p style=\"text-align: justify;\">Nadal es el segundo tenista espa\u00f1ol que renuncia a los Juegos de Tokio, una decisi\u00f3n que ya anunci\u00f3 hace dos d\u00edas Roberto Bautista.<\/p>\n<p style=\"text-align: justify;\">Junto a ellos, Pablo Carre\u00f1o y Alejandro Davidovich eran los tenistas clasificados por r\u00e1nking. La Federaci\u00f3n Internacional tiene hasta el 5 de julio para readjudicar las plazas no confirmadas.<\/p>\n<p><code><\/code><\/p>\n<blockquote class=\"twitter-tweet\">\n<p dir=\"ltr\" lang=\"es\">Hola a todos. Quiero comunicaros que he decidido no participar en la pr\u00f3xima edici\u00f3n de Wimbledon que se disputar\u00e1 del 28 de junio al 11 de julio. Tampoco jugar\u00e9 los Juegos Ol\u00edmpicos previstos finalmente del 24 al 30 de julio.<\/p>\n<p>\u2014 Rafa Nadal (@RafaelNadal) <a href=\"https:\/\/twitter.com\/RafaelNadal\/status\/1405488078026952708?ref_src=twsrc%5Etfw\">June 17, 2021<\/a><\/p><\/blockquote>\n<p><script async src=\"https:\/\/platform.twitter.com\/widgets.js\" charset=\"utf-8\"><\/script><\/p>\n","protected":false},"excerpt":{"rendered":"<p>] TWITTER. * 17 de junio de 2021. ) Efe. Rafael Nadal anunci\u00f3 este jueves su decisi\u00f3n de no participar ni en el torneo de Wimbledon ni en los Juegos Ol\u00edmpicos de Tokio para \u00abprevenir cualquier tipo de excesos\u00bb en su cuerpo. Estos excesos podr\u00edan impedirle \u00abseguir luchando en el medio y largo plazo por&#8230;<\/p>\n","protected":false},"author":2,"featured_media":1229994,"comment_status":"closed","ping_status":"closed","sticky":false,"template":"","format":"standard","meta":{"footnotes":""},"categories":[1988,18566],"tags":[11272,11276,15229,15767,18062],"class_list":["post-1229989","post","type-post","status-publish","format-standard","has-post-thumbnail","hentry","category-lifestyles","category-sports-lifestyles","tag-juegos-olimpicos","tag-juegos-olimpicos-de-tokio","tag-rafael-nadal","tag-roland-garros","tag-wimbledon"],"_links":{"self":[{"href":"https:\/\/www.acapulcopress.com\/index.php\/wp-json\/wp\/v2\/posts\/1229989","targetHints":{"allow":["GET"]}}],"collection":[{"href":"https:\/\/www.acapulcopress.com\/index.php\/wp-json\/wp\/v2\/posts"}],"about":[{"href":"https:\/\/www.acapulcopress.com\/index.php\/wp-json\/wp\/v2\/types\/post"}],"author":[{"embeddable":true,"href":"https:\/\/www.acapulcopress.com\/index.php\/wp-json\/wp\/v2\/users\/2"}],"replies":[{"embeddable":true,"href":"https:\/\/www.acapulcopress.com\/index.php\/wp-json\/wp\/v2\/comments?post=1229989"}],"version-history":[{"count":0,"href":"https:\/\/www.acapulcopress.com\/index.php\/wp-json\/wp\/v2\/posts\/1229989\/revisions"}],"wp:featuredmedia":[{"embeddable":true,"href":"https:\/\/www.acapulcopress.com\/index.php\/wp-json\/"}],"wp:attachment":[{"href":"https:\/\/www.acapulcopress.com\/index.php\/wp-json\/wp\/v2\/media?parent=1229989"}],"wp:term":[{"taxonomy":"category","embeddable":true,"href":"https:\/\/www.acapulcopress.com\/index.php\/wp-json\/wp\/v2\/categories?post=1229989"},{"taxonomy":"post_tag","embeddable":true,"href":"https:\/\/www.acapulcopress.com\/index.php\/wp-json\/wp\/v2\/tags?post=1229989"}],"curies":[{"name":"wp","href":"https:\/\/api.w.org\/{rel}","templated":true}]}}