{"id":1230005,"date":"2021-06-17T20:32:19","date_gmt":"2021-06-18T01:32:19","guid":{"rendered":"https:\/\/www.acapulco.press\/?p=1230005"},"modified":"2021-06-17T20:32:19","modified_gmt":"2021-06-18T01:32:19","slug":"filarmonica-de-acapulco-invita-a-su-tercer-concierto-virtual-de-temporada","status":"publish","type":"post","link":"https:\/\/www.acapulcopress.com\/index.php\/2021\/06\/17\/filarmonica-de-acapulco-invita-a-su-tercer-concierto-virtual-de-temporada\/","title":{"rendered":"Filarm\u00f3nica de Acapulco invita a su tercer concierto virtual de temporada"},"content":{"rendered":"<p style=\"text-align: justify;\">] ACAPULCO. * 17 de junio de 2021.<br \/>\n<em>) Secultura.<\/em><\/p>\n<p style=\"text-align: justify;\">La Orquesta Filarm\u00f3nica de Acapulco, dirigida por Maestro Eduardo \u00c1lvarez invita a su tercer concierto virtual de la Temporada 2021 este viernes 18 de junio, a las 8 de la noche, a trav\u00e9s de las siguientes p\u00e1ginas redes sociales:<\/p>\n<p style=\"text-align: justify;\">La Filarm\u00f3nica de Acapulco contar\u00e1 con la participaci\u00f3n magistral del trompetista Pablo Valencia.<\/p>\n<p style=\"text-align: justify;\">]<strong> Facebook<\/strong>: <em><a href=\"http:\/\/www.facebook.com\/OFAcapulco\" target=\"_blank\" rel=\"noopener\">http:\/\/www.facebook.com\/OFAcapulco<\/a><\/em><\/p>\n<p style=\"text-align: justify;\">]<strong> YouTube<\/strong>: <em><a href=\"http:\/\/bit.ly\/2ZMpkPM\" target=\"_blank\" rel=\"noopener\">http:\/\/bit.ly\/2ZMpkPM<\/a><\/em><\/p>\n","protected":false},"excerpt":{"rendered":"<p>] ACAPULCO. * 17 de junio de 2021. ) Secultura. La Orquesta Filarm\u00f3nica de Acapulco, dirigida por Maestro Eduardo \u00c1lvarez invita a su tercer concierto virtual de la Temporada 2021 este viernes 18 de junio, a las 8 de la noche, a trav\u00e9s de las siguientes p\u00e1ginas redes sociales: La Filarm\u00f3nica de Acapulco contar\u00e1 con&#8230;<\/p>\n","protected":false},"author":2,"featured_media":1230006,"comment_status":"closed","ping_status":"closed","sticky":false,"template":"","format":"standard","meta":{"footnotes":""},"categories":[18563,1988],"tags":[7581,14057,14147],"class_list":["post-1230005","post","type-post","status-publish","format-standard","has-post-thumbnail","hentry","category-entretenimiento","category-lifestyles","tag-eduardo-alvarez","tag-orquesta-filarmonica-de-acapulco","tag-pablo-valencia"],"_links":{"self":[{"href":"https:\/\/www.acapulcopress.com\/index.php\/wp-json\/wp\/v2\/posts\/1230005","targetHints":{"allow":["GET"]}}],"collection":[{"href":"https:\/\/www.acapulcopress.com\/index.php\/wp-json\/wp\/v2\/posts"}],"about":[{"href":"https:\/\/www.acapulcopress.com\/index.php\/wp-json\/wp\/v2\/types\/post"}],"author":[{"embeddable":true,"href":"https:\/\/www.acapulcopress.com\/index.php\/wp-json\/wp\/v2\/users\/2"}],"replies":[{"embeddable":true,"href":"https:\/\/www.acapulcopress.com\/index.php\/wp-json\/wp\/v2\/comments?post=1230005"}],"version-history":[{"count":0,"href":"https:\/\/www.acapulcopress.com\/index.php\/wp-json\/wp\/v2\/posts\/1230005\/revisions"}],"wp:featuredmedia":[{"embeddable":true,"href":"https:\/\/www.acapulcopress.com\/index.php\/wp-json\/"}],"wp:attachment":[{"href":"https:\/\/www.acapulcopress.com\/index.php\/wp-json\/wp\/v2\/media?parent=1230005"}],"wp:term":[{"taxonomy":"category","embeddable":true,"href":"https:\/\/www.acapulcopress.com\/index.php\/wp-json\/wp\/v2\/categories?post=1230005"},{"taxonomy":"post_tag","embeddable":true,"href":"https:\/\/www.acapulcopress.com\/index.php\/wp-json\/wp\/v2\/tags?post=1230005"}],"curies":[{"name":"wp","href":"https:\/\/api.w.org\/{rel}","templated":true}]}}