{"id":1230013,"date":"2021-06-17T21:09:11","date_gmt":"2021-06-18T02:09:11","guid":{"rendered":"https:\/\/www.acapulco.press\/?p=1230013"},"modified":"2021-06-17T21:09:11","modified_gmt":"2021-06-18T02:09:11","slug":"mitad-de-latinos-y-negros-de-estados-unidos-aun-no-se-han-vacunado","status":"publish","type":"post","link":"https:\/\/www.acapulcopress.com\/index.php\/2021\/06\/17\/mitad-de-latinos-y-negros-de-estados-unidos-aun-no-se-han-vacunado\/","title":{"rendered":"Mitad de latinos y negros de Estados Unidos a\u00fan no se han vacunado"},"content":{"rendered":"<p>] MILWAUKEE. * 17 de junio de 2021.<br \/>\n<em>) <a href=\"https:\/\/es.euronews.com\/2021\/06\/17\/la-mitad-de-los-latinos-y-negros-de-eeuu-no-se-han-vacunado\" target=\"_blank\" rel=\"noopener\">Euronews<\/a>.<\/em><\/p>\n<p>Casi la mitad de los latinos (47%) y afroamericanos (46%) de Estados Unidos a\u00fan no se han vacunado contra la COVID-19, pese a ser dos comunidades muy castigadas por la pandemia.<\/p>\n<p>En Milwaukee, casi el 43% de los decesos relacionados con la COVID-19 han ocurrido en la comunidad negra. El reverendo Greg Lewis casi muere. Ahora, trabaja con otras parroquias para animar a sus fieles a vacunarse, en sus iglesias.<\/p>\n<p>\u00abHe vuelto de esa cama donde estuve acostado desamparado. No quiero que la gente est\u00e9 en esa condici\u00f3n\u00bb, dice Greg Lewis, reverendo, Iglesia de San Gabriel de Dios en Cristo.<\/p>\n<p>El mensaje se repite desde los p\u00falpitos.<\/p>\n<p>\u00abQueremos seguir animando a nuestra gente a que salga y reciba sus vacunas. Yo ya tengo las dos m\u00edas\u00bb, dice un pastor a sus fieles.<\/p>\n<p>En Detroit, con la mayor\u00eda de la poblaci\u00f3n negra, solo alrededor del 36% de los mayores de 12 a\u00f1os han recibido al menos una dosis, en comparaci\u00f3n con m\u00e1s del 60% en todo el estado entre los mayores de 16 a\u00f1os.<\/p>\n<p>Charles Williams II, reverendo de la Iglesia Bautista Rey Salom\u00f3n, dice que se necesitan m\u00e1s vacunas en las iglesias:<\/p>\n<p>\u00abNo puede decirme que quiere solucionar el problema cuando la soluci\u00f3n est\u00e1 frente a usted. Tengo gente entrando y saliendo de aqu\u00ed todos los d\u00edas para hacerse el test, y no hay nadie para ofrecerles una vacuna\u00bb.<\/p>\n<p>Pero tambi\u00e9n hay muchos afroamericanos que no se vacunan por desconfianza en el Gobierno y en los m\u00e9dicos, as\u00ed como por miedo a los efectos secundarios.<\/p>\n<p>Melanie Paige, con lupus y artritis reumatoide, se decidi\u00f3 a vacunarse tras ped\u00edrselo su hijo y porque pod\u00eda hacerlo en su iglesia.<\/p>\n<p>\u00abMe sent\u00ed m\u00e1s c\u00f3moda. Eso lo hizo m\u00e1s f\u00e1cil\u00bb, se\u00f1ala.<\/p>\n<p>El objetivo del presidente Joe Biden es tener vacunados al 70% de los adultos estadounidenses para el 4 de julio.<\/p>\n","protected":false},"excerpt":{"rendered":"<p>] MILWAUKEE. * 17 de junio de 2021. ) Euronews. Casi la mitad de los latinos (47%) y afroamericanos (46%) de Estados Unidos a\u00fan no se han vacunado contra la COVID-19, pese a ser dos comunidades muy castigadas por la pandemia. En Milwaukee, casi el 43% de los decesos relacionados con la COVID-19 han ocurrido&#8230;<\/p>\n","protected":false},"author":2,"featured_media":1230014,"comment_status":"closed","ping_status":"closed","sticky":false,"template":"","format":"standard","meta":{"footnotes":""},"categories":[1969,2020],"tags":[],"class_list":["post-1230013","post","type-post","status-publish","format-standard","has-post-thumbnail","hentry","category-trending","category-world-news"],"_links":{"self":[{"href":"https:\/\/www.acapulcopress.com\/index.php\/wp-json\/wp\/v2\/posts\/1230013","targetHints":{"allow":["GET"]}}],"collection":[{"href":"https:\/\/www.acapulcopress.com\/index.php\/wp-json\/wp\/v2\/posts"}],"about":[{"href":"https:\/\/www.acapulcopress.com\/index.php\/wp-json\/wp\/v2\/types\/post"}],"author":[{"embeddable":true,"href":"https:\/\/www.acapulcopress.com\/index.php\/wp-json\/wp\/v2\/users\/2"}],"replies":[{"embeddable":true,"href":"https:\/\/www.acapulcopress.com\/index.php\/wp-json\/wp\/v2\/comments?post=1230013"}],"version-history":[{"count":0,"href":"https:\/\/www.acapulcopress.com\/index.php\/wp-json\/wp\/v2\/posts\/1230013\/revisions"}],"wp:featuredmedia":[{"embeddable":true,"href":"https:\/\/www.acapulcopress.com\/index.php\/wp-json\/"}],"wp:attachment":[{"href":"https:\/\/www.acapulcopress.com\/index.php\/wp-json\/wp\/v2\/media?parent=1230013"}],"wp:term":[{"taxonomy":"category","embeddable":true,"href":"https:\/\/www.acapulcopress.com\/index.php\/wp-json\/wp\/v2\/categories?post=1230013"},{"taxonomy":"post_tag","embeddable":true,"href":"https:\/\/www.acapulcopress.com\/index.php\/wp-json\/wp\/v2\/tags?post=1230013"}],"curies":[{"name":"wp","href":"https:\/\/api.w.org\/{rel}","templated":true}]}}