{"id":1230019,"date":"2021-06-17T21:18:43","date_gmt":"2021-06-18T02:18:43","guid":{"rendered":"https:\/\/www.acapulco.press\/?p=1230019"},"modified":"2021-06-17T21:18:43","modified_gmt":"2021-06-18T02:18:43","slug":"inicio-vacunacion-a-poblacion-de-18-a-40-anos-en-baja-california","status":"publish","type":"post","link":"https:\/\/www.acapulcopress.com\/index.php\/2021\/06\/17\/inicio-vacunacion-a-poblacion-de-18-a-40-anos-en-baja-california\/","title":{"rendered":"Inici\u00f3 vacunaci\u00f3n a poblaci\u00f3n de 18 a 40 a\u00f1os en Baja California"},"content":{"rendered":"<p style=\"text-align: justify;\">] CIUDAD DE M\u00c9XICO. * 17 de junio de 2021.<br \/>\n) Gobierno de M\u00e9xico.<\/p>\n<p style=\"text-align: justify;\">Hoy inici\u00f3 la vacunaci\u00f3n de las y los habitantes mayores de 18 a\u00f1os de los seis municipios de Baja California, inform\u00f3 el presidente Andr\u00e9s Manuel L\u00f3pez Obrador.<\/p>\n<p style=\"text-align: justify;\">\u201cEsperamos terminar en diez d\u00edas. Ser\u00e1 el primer estado en el que vamos a concluir al cien por ciento la vacunaci\u00f3n utilizando las vacunas que nos donaron del gobierno de Estados Unidos, un mill\u00f3n 350 mil dosis\u201d, resalt\u00f3.<\/p>\n<p style=\"text-align: justify;\">La acci\u00f3n que este d\u00eda se anunci\u00f3 corresponde a un operativo especial implementado por la llegada del donativo de Estados Unidos de la vacuna Janssen de Johnson &amp; Johnson de una sola dosis; de manera simult\u00e1nea contin\u00faa la vacunaci\u00f3n en el pa\u00eds, explic\u00f3 el jefe del Ejecutivo.<\/p>\n<p style=\"text-align: justify;\">\u201cQueremos vacunar a la poblaci\u00f3n de los 39 municipios de la franja fronteriza para que se abra lo m\u00e1s pronto posible la frontera. Ese es el prop\u00f3sito\u201d, apunt\u00f3.<\/p>\n<p style=\"text-align: justify;\">Agreg\u00f3 que despu\u00e9s de inmunizar a la poblaci\u00f3n de 18 a 40 a\u00f1os de Baja California se desplegar\u00e1n las brigadas con los habitantes de Sonora, Chihuahua, Coahuila, Nuevo Le\u00f3n y Tamaulipas.<\/p>\n<p style=\"text-align: justify;\">\u201cYa se concluy\u00f3 la aplicaci\u00f3n de las primeras dosis en el rango de edades de 40 a 49 a\u00f1os en el caso de Baja California Sur y Quintana Roo. En esos dos estados, de 40 hacia adelante ya tienen vacuna aun con una dosis. Esta semana se enviaron segundas dosis correspondientes a personas con edades entre 50 a 59 a\u00f1os. La \u00faltima semana de junio se iniciar\u00e1 con vacunaci\u00f3n a personas de 30 a 39 a\u00f1os tanto en Baja California Sur como en Quintana Roo\u201d, abund\u00f3.<\/p>\n<p style=\"text-align: justify;\">En conferencia de prensa matutina, el mandatario agradeci\u00f3 el apoyo para llevar a cabo el operativo especial del Plan Nacional de Vacunaci\u00f3n a las secretar\u00edas de la Defensa Nacional, de Marina y de Seguridad y Protecci\u00f3n Ciudadana (SSPC).<\/p>\n<p style=\"text-align: justify;\">La titular de la SSPC, Rosa Icela Rodr\u00edguez destac\u00f3 que gracias al trabajo coordinado interinstitucional Baja California se convertir\u00e1 en la primera en concretar la vacunaci\u00f3n universal a partir de los 18 a\u00f1os.<\/p>\n<p style=\"text-align: justify;\">La meta, dijo, es aplicar entre 126 mil y 162 mil dosis de vacunas al d\u00eda, con un promedio estimado de 140 mil. Se instalar\u00e1n 16 centros de vacunaci\u00f3n y participar\u00e1n 306 c\u00e9lulas.<\/p>\n<p style=\"text-align: justify;\">Debido a las altas temperaturas que se registran en la regi\u00f3n los centros operar\u00e1n bajo tres modalidades: peatonal, vehicular y mixta.<\/p>\n<p style=\"text-align: justify;\">En funci\u00f3n de este factor tambi\u00e9n variar\u00e1n los horarios; atender\u00e1n de 7:00 a 18:00 horas, de 8:00 a 15:00 horas, de 8:00 a 18:00 horas y de 12:00 a 18:00 horas. Cabe destacar que solo tres centros recibir\u00e1n a las personas de 18:00 a 24:00 horas por el clima en la regi\u00f3n.<\/p>\n<p style=\"text-align: justify;\">La secretaria hizo un llamado a participar en la vacunaci\u00f3n con orden, paciencia y tolerancia, como sucedi\u00f3 en la etapa correspondiente a las personas adultas mayores.<\/p>\n<p style=\"text-align: justify;\">\u201cQue sepan que no se quedar\u00e1 nadie sin vacunar\u201d, expres\u00f3.<\/p>\n<p style=\"text-align: justify;\">Acompa\u00f1aron al presidente en el anuncio, los secretarios de la Defensa Nacional, Luis Cresencio Sandoval y de Marina, Rafael Ojeda Dur\u00e1n.<\/p>\n","protected":false},"excerpt":{"rendered":"<p>] CIUDAD DE M\u00c9XICO. * 17 de junio de 2021. ) Gobierno de M\u00e9xico. Hoy inici\u00f3 la vacunaci\u00f3n de las y los habitantes mayores de 18 a\u00f1os de los seis municipios de Baja California, inform\u00f3 el presidente Andr\u00e9s Manuel L\u00f3pez Obrador. \u201cEsperamos terminar en diez d\u00edas. Ser\u00e1 el primer estado en el que vamos a&#8230;<\/p>\n","protected":false},"author":2,"featured_media":1230020,"comment_status":"closed","ping_status":"closed","sticky":false,"template":"","format":"standard","meta":{"footnotes":""},"categories":[18573,18561],"tags":[9310,17728],"class_list":["post-1230019","post","type-post","status-publish","format-standard","has-post-thumbnail","hentry","category-goverment","category-society-politics","tag-gobierno-de-mexico","tag-vacuna-covid19"],"_links":{"self":[{"href":"https:\/\/www.acapulcopress.com\/index.php\/wp-json\/wp\/v2\/posts\/1230019","targetHints":{"allow":["GET"]}}],"collection":[{"href":"https:\/\/www.acapulcopress.com\/index.php\/wp-json\/wp\/v2\/posts"}],"about":[{"href":"https:\/\/www.acapulcopress.com\/index.php\/wp-json\/wp\/v2\/types\/post"}],"author":[{"embeddable":true,"href":"https:\/\/www.acapulcopress.com\/index.php\/wp-json\/wp\/v2\/users\/2"}],"replies":[{"embeddable":true,"href":"https:\/\/www.acapulcopress.com\/index.php\/wp-json\/wp\/v2\/comments?post=1230019"}],"version-history":[{"count":0,"href":"https:\/\/www.acapulcopress.com\/index.php\/wp-json\/wp\/v2\/posts\/1230019\/revisions"}],"wp:featuredmedia":[{"embeddable":true,"href":"https:\/\/www.acapulcopress.com\/index.php\/wp-json\/"}],"wp:attachment":[{"href":"https:\/\/www.acapulcopress.com\/index.php\/wp-json\/wp\/v2\/media?parent=1230019"}],"wp:term":[{"taxonomy":"category","embeddable":true,"href":"https:\/\/www.acapulcopress.com\/index.php\/wp-json\/wp\/v2\/categories?post=1230019"},{"taxonomy":"post_tag","embeddable":true,"href":"https:\/\/www.acapulcopress.com\/index.php\/wp-json\/wp\/v2\/tags?post=1230019"}],"curies":[{"name":"wp","href":"https:\/\/api.w.org\/{rel}","templated":true}]}}