{"id":1230054,"date":"2021-06-18T12:50:48","date_gmt":"2021-06-18T17:50:48","guid":{"rendered":"https:\/\/www.acapulco.press\/?p=1230054"},"modified":"2021-06-18T12:50:48","modified_gmt":"2021-06-18T17:50:48","slug":"espana-dejara-de-usar-mascarillas-en-espacios-abiertos-a-partir-del-26-de-junio","status":"publish","type":"post","link":"https:\/\/www.acapulcopress.com\/index.php\/2021\/06\/18\/espana-dejara-de-usar-mascarillas-en-espacios-abiertos-a-partir-del-26-de-junio\/","title":{"rendered":"Espa\u00f1a dejar\u00e1 cubrebocas en espacios p\u00fablicos a partir del 26 de junio"},"content":{"rendered":"<p style=\"text-align: justify;\">] MADRID. * 18 de junio de 2021.<br \/>\n<em>) <a href=\"https:\/\/es.euronews.com\/2021\/06\/18\/sanchez-propone-que-la-mascarilla-deje-de-ser-obligatoria-en-espana-a-partir-del-26-de-jun\" target=\"_blank\" rel=\"noopener\">Euronews<\/a>.<\/em><\/p>\n<p style=\"text-align: justify;\">El presidente del Gobierno de Espa\u00f1a, Pedro S\u00e1nchez, ha anunciado este viernes la celebraci\u00f3n de un Consejo de Ministros extraordinario para aprobar que la mascarilla deje de ser obligatoria en exteriores a partir del 26 de junio.<\/p>\n<p style=\"text-align: justify;\">\u00abMe gustar\u00eda empezar esta intervenci\u00f3n haciendo un anuncio muy importante para los 47 millones de compatriotas en nuestro pa\u00eds. Me gustar\u00eda decirles que vamos a celebrar un Consejo de Ministros extraordinario el pr\u00f3ximo jueves y en el cual vamos a proponer que no sea obligatoria la mascarilla en espacios libres desde el s\u00e1bado 26 de junio\u00bb, ha dicho el presidente al empezar su intervenci\u00f3n durante la clausura de un evento empresarial en Barcelona.<\/p>\n<p style=\"text-align: justify;\">De aprobarse, Espa\u00f1a ser\u00e1 uno de los pa\u00edses que m\u00e1s ha tardado en llevar a cabo la medida. Solo Italia est\u00e1 tardando en aprobar esta relajaci\u00f3n, que en Francia, por ejemplo, se aprob\u00f3 este jueves. El presidente ha asegurado que Espa\u00f1a va a mejorar todas sus previsiones.<\/p>\n<p style=\"text-align: justify;\">\u00abNuestras calles, nuestros rostros, recuperar\u00e1n en los pr\u00f3ximos d\u00edas su aspecto normal\u00bb, ha dicho S\u00e1nchez que ha aprovechado para reafirmar que su Gobierno est\u00e1 cumpliendo todos los objetivos que se hab\u00eda marcado en lo que a la respuesta sanitaria se refiere.<\/p>\n<p style=\"text-align: justify;\">Los espa\u00f1oles a\u00fan deber\u00e1n portar la mascarilla en los lugares cerrados, en el transporte p\u00fablico y cuando sea imposible mantener la distancia de 1,5 metros con personas ajenas a su entorno. Sin embargo, queda en manos de cada comunidad aplicar ciertas restricciones sobre su uso.<\/p>\n<p style=\"text-align: justify;\">Las voces que ven\u00edan pidiendo el fin de las mascarillas en exteriores eran crecientes. Sobre todo con el avance de la vacunaci\u00f3n y con una incidencia acumulada a la baja desde hace semanas.<\/p>\n<p style=\"text-align: justify;\">La noticia tambi\u00e9n ser\u00e1 bien recibida entre los turistas que comienzan a llegar a las costas espa\u00f1olas. La mascarilla en la playa hab\u00eda creado un fuerte debate a finales de marzo cuando una nueva ley obligaba a los ba\u00f1istas a utilizarla hasta para tomar el sol, pero ante la pol\u00e9mica Sanidad dio marcha atr\u00e1s y flexibiliz\u00f3 la normativa.<\/p>\n","protected":false},"excerpt":{"rendered":"<p>] MADRID. * 18 de junio de 2021. ) Euronews. El presidente del Gobierno de Espa\u00f1a, Pedro S\u00e1nchez, ha anunciado este viernes la celebraci\u00f3n de un Consejo de Ministros extraordinario para aprobar que la mascarilla deje de ser obligatoria en exteriores a partir del 26 de junio. \u00abMe gustar\u00eda empezar esta intervenci\u00f3n haciendo un anuncio&#8230;<\/p>\n","protected":false},"author":2,"featured_media":1230055,"comment_status":"closed","ping_status":"closed","sticky":false,"template":"","format":"standard","meta":{"footnotes":""},"categories":[1969],"tags":[6705,12784,17697],"class_list":["post-1230054","post","type-post","status-publish","format-standard","has-post-thumbnail","hentry","category-trending","tag-covid19","tag-mascarilla-covid19","tag-uso-obligatorio-de-cubrebocas"],"_links":{"self":[{"href":"https:\/\/www.acapulcopress.com\/index.php\/wp-json\/wp\/v2\/posts\/1230054","targetHints":{"allow":["GET"]}}],"collection":[{"href":"https:\/\/www.acapulcopress.com\/index.php\/wp-json\/wp\/v2\/posts"}],"about":[{"href":"https:\/\/www.acapulcopress.com\/index.php\/wp-json\/wp\/v2\/types\/post"}],"author":[{"embeddable":true,"href":"https:\/\/www.acapulcopress.com\/index.php\/wp-json\/wp\/v2\/users\/2"}],"replies":[{"embeddable":true,"href":"https:\/\/www.acapulcopress.com\/index.php\/wp-json\/wp\/v2\/comments?post=1230054"}],"version-history":[{"count":0,"href":"https:\/\/www.acapulcopress.com\/index.php\/wp-json\/wp\/v2\/posts\/1230054\/revisions"}],"wp:featuredmedia":[{"embeddable":true,"href":"https:\/\/www.acapulcopress.com\/index.php\/wp-json\/"}],"wp:attachment":[{"href":"https:\/\/www.acapulcopress.com\/index.php\/wp-json\/wp\/v2\/media?parent=1230054"}],"wp:term":[{"taxonomy":"category","embeddable":true,"href":"https:\/\/www.acapulcopress.com\/index.php\/wp-json\/wp\/v2\/categories?post=1230054"},{"taxonomy":"post_tag","embeddable":true,"href":"https:\/\/www.acapulcopress.com\/index.php\/wp-json\/wp\/v2\/tags?post=1230054"}],"curies":[{"name":"wp","href":"https:\/\/api.w.org\/{rel}","templated":true}]}}