{"id":1230087,"date":"2021-06-18T18:07:00","date_gmt":"2021-06-18T23:07:00","guid":{"rendered":"https:\/\/www.acapulco.press\/?p=1230087"},"modified":"2021-06-18T18:07:00","modified_gmt":"2021-06-18T23:07:00","slug":"captura-fge-a-un-ladron-de-tiendas-de-conveniencia-de-acapulco","status":"publish","type":"post","link":"https:\/\/www.acapulcopress.com\/index.php\/2021\/06\/18\/captura-fge-a-un-ladron-de-tiendas-de-conveniencia-de-acapulco\/","title":{"rendered":"Captura FGE a un ladr\u00f3n de tiendas de conveniencia de Acapulco"},"content":{"rendered":"<p style=\"text-align: justify;\">] CHILPANCINGO. * 18 de junio de 2021.<br \/>\n<em>) <a href=\"https:\/\/fiscaliaguerrero.gob.mx\" target=\"_blank\" rel=\"noopener\">https:\/\/fiscaliaguerrero.gob.mx<\/a>.<\/em><\/p>\n<p style=\"text-align: justify;\">Fiscal\u00eda de Guerrero a trav\u00e9s de la Coordinaci\u00f3n Especializada en la Investigaci\u00f3n de Robo y Recuperaci\u00f3n de Veh\u00edculos de Acapulco, cumpliment\u00f3 la orden de aprehensi\u00f3n en contra de quien dijo llamarse Luis Arturo \u00abN\u00bb, como probable responsable del delito de robo, hechos en la causa penal 75-2\/2007, quien tambi\u00e9n es se\u00f1alado de robar a una cadena de tiendas de conveniencia, quedando el detenido a disposici\u00f3n del juez correspondiente de Tabares.<\/p>\n","protected":false},"excerpt":{"rendered":"<p>] CHILPANCINGO. * 18 de junio de 2021. ) https:\/\/fiscaliaguerrero.gob.mx. Fiscal\u00eda de Guerrero a trav\u00e9s de la Coordinaci\u00f3n Especializada en la Investigaci\u00f3n de Robo y Recuperaci\u00f3n de Veh\u00edculos de Acapulco, cumpliment\u00f3 la orden de aprehensi\u00f3n en contra de quien dijo llamarse Luis Arturo \u00abN\u00bb, como probable responsable del delito de robo, hechos en la causa&#8230;<\/p>\n","protected":false},"author":2,"featured_media":1230088,"comment_status":"closed","ping_status":"closed","sticky":false,"template":"","format":"standard","meta":{"footnotes":""},"categories":[1969,2005],"tags":[8709,10946,14737],"class_list":["post-1230087","post","type-post","status-publish","format-standard","has-post-thumbnail","hentry","category-trending","category-seguridad-y-justicia","tag-fiscalia-general-del-estado-e-guerrero-fgegro","tag-jorge-zuriel-de-los-santos-barrila","tag-policia-ministerial-de-guerrero"],"_links":{"self":[{"href":"https:\/\/www.acapulcopress.com\/index.php\/wp-json\/wp\/v2\/posts\/1230087","targetHints":{"allow":["GET"]}}],"collection":[{"href":"https:\/\/www.acapulcopress.com\/index.php\/wp-json\/wp\/v2\/posts"}],"about":[{"href":"https:\/\/www.acapulcopress.com\/index.php\/wp-json\/wp\/v2\/types\/post"}],"author":[{"embeddable":true,"href":"https:\/\/www.acapulcopress.com\/index.php\/wp-json\/wp\/v2\/users\/2"}],"replies":[{"embeddable":true,"href":"https:\/\/www.acapulcopress.com\/index.php\/wp-json\/wp\/v2\/comments?post=1230087"}],"version-history":[{"count":0,"href":"https:\/\/www.acapulcopress.com\/index.php\/wp-json\/wp\/v2\/posts\/1230087\/revisions"}],"wp:featuredmedia":[{"embeddable":true,"href":"https:\/\/www.acapulcopress.com\/index.php\/wp-json\/"}],"wp:attachment":[{"href":"https:\/\/www.acapulcopress.com\/index.php\/wp-json\/wp\/v2\/media?parent=1230087"}],"wp:term":[{"taxonomy":"category","embeddable":true,"href":"https:\/\/www.acapulcopress.com\/index.php\/wp-json\/wp\/v2\/categories?post=1230087"},{"taxonomy":"post_tag","embeddable":true,"href":"https:\/\/www.acapulcopress.com\/index.php\/wp-json\/wp\/v2\/tags?post=1230087"}],"curies":[{"name":"wp","href":"https:\/\/api.w.org\/{rel}","templated":true}]}}