{"id":1230096,"date":"2021-06-18T18:34:28","date_gmt":"2021-06-18T23:34:28","guid":{"rendered":"https:\/\/www.acapulco.press\/?p=1230096"},"modified":"2021-06-18T18:34:28","modified_gmt":"2021-06-18T23:34:28","slug":"acapulco-en-alerta-por-tormenta-dolores","status":"publish","type":"post","link":"https:\/\/www.acapulcopress.com\/index.php\/2021\/06\/18\/acapulco-en-alerta-por-tormenta-dolores\/","title":{"rendered":"Acapulco en alerta por tormenta \u201cDolores\u201d"},"content":{"rendered":"<p style=\"text-align: justify;\">] ACAPULCO. * 18 de junio de 2021.<br \/>\n<em>) Gobierno de Acapulco.<\/em><\/p>\n<p style=\"text-align: justify;\">La Coordinaci\u00f3n de Protecci\u00f3n Civil y Bomberos Municipal inform\u00f3 que el canal de baja presi\u00f3n evolucion\u00f3 para convertirse en la <img loading=\"lazy\" decoding=\"async\" class=\"alignleft size-full wp-image-1230104\" src=\"https:\/\/www.acapulco.press\/wp-content\/uploads\/2021\/06\/DOLORES-ACAPULCO8.jpeg\" alt=\"\" width=\"300\" height=\"225\" \/>Tormenta Tropical \u201c<a href=\"https:\/\/smn.conagua.gob.mx\/files\/pdfs\/comunicados-de-prensa\/Aviso004-21.pdf\" target=\"_blank\" rel=\"noopener\">Dolores<\/a>\u201d frente a la Costa Grande de Guerrero y los l\u00edmites de Michoac\u00e1n.<\/p>\n<p style=\"text-align: justify;\">El fen\u00f3meno seguir\u00e1 generando lluvias intermitentes intensas en Acapulco durante las siguientes 12 horas, por ello el Gobierno Acapulco permanece alerta para proteger y auxiliar a la poblaci\u00f3n.<\/p>\n<p style=\"text-align: justify;\">De acuerdo con el reporte oficial de las afectaciones registradas en las \u00faltimas 24 horas, brigadas de Protecci\u00f3n Civil, Servicios P\u00fablicos y \u00c1reas Verdes atendieron la ca\u00edda de 8 \u00e1rboles, una ceiba de m\u00e1s de 6 metros de altura sobre la avenida Costera Miguel Alem\u00e1n, a la altura de la Universidad Americana, otro en la colonia Icacos, uno en el Coloso, una parota en Lucio Caba\u00f1as, el quinto en Ciudad Renacimiento.<\/p>\n<p style=\"text-align: justify;\"><img loading=\"lazy\" decoding=\"async\" class=\"alignleft size-full wp-image-1230102\" src=\"https:\/\/www.acapulco.press\/wp-content\/uploads\/2021\/06\/DOLORES-ACAPULCO6.jpeg\" alt=\"\" width=\"300\" height=\"225\" \/>Mientras que en la colonia Bur\u00f3cratas se report\u00f3 la ca\u00edda de otro \u00e1rbol sobre el techo de una vivienda, uno m\u00e1s en Mar\u00eda de la O y el octavo en avenida Universidad, frente a Bodega Aurrer\u00e1.<\/p>\n<p style=\"text-align: justify;\">As\u00ed tambi\u00e9n se agilizaron brigadas de limpieza para el retiro de desechos arrastrados a las partes bajas de la ciudad y tierra por taponamiento de coladeras que generaron encharcamientos y dos inundaciones en las colonias San Agust\u00edn y La Poza. Entre otras afectaciones, algunas zonas se quedaron sin energ\u00eda el\u00e9ctrica.<\/p>\n<p style=\"text-align: justify;\">Adem\u00e1s, personal de la Coordinaci\u00f3n General de Protecci\u00f3n Civil y Bomberos pertenecientes al Grupo de Rescate Marino, rescataron a 3 personas que quedaron atrapadas en tablas de surf frente a la playa <img loading=\"lazy\" decoding=\"async\" class=\"alignleft size-full wp-image-1230101\" src=\"https:\/\/www.acapulco.press\/wp-content\/uploads\/2021\/06\/DOLORES-ACAPULCO5.jpeg\" alt=\"\" width=\"300\" height=\"225\" \/>del Rollo en Icacos, quienes responden a los nombres de Ingrid Abril D\u00edaz Mej\u00eda, de 18 a\u00f1os de edad; Jos\u00e9 Manuel Hern\u00e1ndez Briana Fuentes, de 34 a\u00f1os; y Devin, de 23 a\u00f1os de edad, originarios de Acapulco, Chilpancingo y Estados Unidos, respectivamente.<\/p>\n<p style=\"text-align: justify;\">Los rescatados fueron trasladados al Hospital de la Marina para su valoraci\u00f3n y atenci\u00f3n m\u00e9dica.<\/p>\n<p style=\"text-align: justify;\">El puerto de Acapulco se encuentra cerrado a la navegaci\u00f3n y pesca ribere\u00f1a debido a las condiciones adversas por las precipitaciones, rachas de viento y fuerte oleaje de hasta 4 metros de altura en mar abierto, por lo que se pide a la poblaci\u00f3n extremar precauciones.<\/p>\n<p style=\"text-align: justify;\"><iframe loading=\"lazy\" title=\"Aviso Especial Tormenta Tropical  &quot;Dolores&quot; 18 de junio de 2021\" width=\"1160\" height=\"653\" src=\"https:\/\/www.youtube.com\/embed\/8Tnhbpvkav0?feature=oembed\" frameborder=\"0\" allow=\"accelerometer; autoplay; clipboard-write; encrypted-media; gyroscope; picture-in-picture; web-share\" referrerpolicy=\"strict-origin-when-cross-origin\" allowfullscreen><\/iframe><\/p>\n","protected":false},"excerpt":{"rendered":"<p>] ACAPULCO. * 18 de junio de 2021. ) Gobierno de Acapulco. La Coordinaci\u00f3n de Protecci\u00f3n Civil y Bomberos Municipal inform\u00f3 que el canal de baja presi\u00f3n evolucion\u00f3 para convertirse en la Tormenta Tropical \u201cDolores\u201d frente a la Costa Grande de Guerrero y los l\u00edmites de Michoac\u00e1n. El fen\u00f3meno seguir\u00e1 generando lluvias intermitentes intensas en&#8230;<\/p>\n","protected":false},"author":2,"featured_media":1230105,"comment_status":"closed","ping_status":"closed","sticky":false,"template":"","format":"standard","meta":{"footnotes":""},"categories":[2036,18561],"tags":[8147,9279,17286],"class_list":["post-1230096","post","type-post","status-publish","format-standard","has-post-thumbnail","hentry","category-el-clima","category-society-politics","tag-estado-del-tiempo","tag-gobierno-de-acapulco","tag-tormenta-dolores"],"_links":{"self":[{"href":"https:\/\/www.acapulcopress.com\/index.php\/wp-json\/wp\/v2\/posts\/1230096","targetHints":{"allow":["GET"]}}],"collection":[{"href":"https:\/\/www.acapulcopress.com\/index.php\/wp-json\/wp\/v2\/posts"}],"about":[{"href":"https:\/\/www.acapulcopress.com\/index.php\/wp-json\/wp\/v2\/types\/post"}],"author":[{"embeddable":true,"href":"https:\/\/www.acapulcopress.com\/index.php\/wp-json\/wp\/v2\/users\/2"}],"replies":[{"embeddable":true,"href":"https:\/\/www.acapulcopress.com\/index.php\/wp-json\/wp\/v2\/comments?post=1230096"}],"version-history":[{"count":0,"href":"https:\/\/www.acapulcopress.com\/index.php\/wp-json\/wp\/v2\/posts\/1230096\/revisions"}],"wp:featuredmedia":[{"embeddable":true,"href":"https:\/\/www.acapulcopress.com\/index.php\/wp-json\/"}],"wp:attachment":[{"href":"https:\/\/www.acapulcopress.com\/index.php\/wp-json\/wp\/v2\/media?parent=1230096"}],"wp:term":[{"taxonomy":"category","embeddable":true,"href":"https:\/\/www.acapulcopress.com\/index.php\/wp-json\/wp\/v2\/categories?post=1230096"},{"taxonomy":"post_tag","embeddable":true,"href":"https:\/\/www.acapulcopress.com\/index.php\/wp-json\/wp\/v2\/tags?post=1230096"}],"curies":[{"name":"wp","href":"https:\/\/api.w.org\/{rel}","templated":true}]}}