{"id":1230110,"date":"2021-06-18T18:57:53","date_gmt":"2021-06-18T23:57:53","guid":{"rendered":"https:\/\/www.acapulco.press\/?p=1230110"},"modified":"2021-06-18T18:57:53","modified_gmt":"2021-06-18T23:57:53","slug":"mueren-27-mineros-tras-caida-de-autobus-a-barranco-en-peru","status":"publish","type":"post","link":"https:\/\/www.acapulcopress.com\/index.php\/2021\/06\/18\/mueren-27-mineros-tras-caida-de-autobus-a-barranco-en-peru\/","title":{"rendered":"Mueren 27 mineros tras ca\u00edda de autob\u00fas a barranco en Per\u00fa"},"content":{"rendered":"<p style=\"text-align: justify;\">] LIMA. * 18 de junio de 2021.<br \/>\n<em>) <a href=\"https:\/\/apnews.com\/article\/noticias-b83c76ca6a1a6b93bfdb0b1f6f9d425b\" target=\"_blank\" rel=\"noopener\">AP<\/a>.<\/em><\/p>\n<p style=\"text-align: justify;\">Un autob\u00fas interprovincial que transportaba a trabajadores de una empresa minera y transitaba por una carretera de los Andes peruanos cay\u00f3 el viernes por una pendiente dejando 27 muertos.<\/p>\n<p style=\"text-align: justify;\">La minera Hochschild indic\u00f3 en un comunicado que el bus siniestrado llevaba trabajadores de una de sus minas de oro y plata llamada Pallancata, en la regi\u00f3n Arequipa.<\/p>\n<p style=\"text-align: justify;\">\u201cTodos estamos devastados por esta noticia&#8230; nuestras prioridades inmediatas son apoyar a los implicados en el accidente\u201d, dijo Ignacio Bustamante, director de la minera peruana.<\/p>\n<p style=\"text-align: justify;\">El teniente de los bomberos Hugo Meza dijo a <em>The Associated Press<\/em> que el accidente ocurri\u00f3 en la carretera Interoce\u00e1nica en la provincia de Lucanas. Otros 13 trabajadores quedaron heridos. Los muertos y contusos quedaron regados en las laderas del cerro por donde cay\u00f3 el bus, relat\u00f3.<\/p>\n<p style=\"text-align: justify;\">La polic\u00eda desconoce por el momento las causas por las que el autob\u00fas se despist\u00f3 en la carretera Interoce\u00e1nica y cay\u00f3 dando vueltas m\u00e1s de 200 metros por un cerro.<\/p>\n<p style=\"text-align: justify;\">La imprudencia de los choferes y el exceso de velocidad son las principales causas de los siniestros viales en Per\u00fa, seg\u00fan las autoridades.<\/p>\n<p style=\"text-align: justify;\">La vigilancia estatal del transporte por carretera en Per\u00fa no es adecuada, lo que contribuye a un alto \u00edndice de accidentes en los que muere fundamentalmente gente pobre, que tienen los autobuses como \u00fanico medio de transporte.<\/p>\n<p style=\"text-align: justify;\">De acuerdo con las cifras oficiales m\u00e1s recientes y disponibles, unas 3.110 personas murieron en accidentes de tr\u00e1nsito en Per\u00fa durante 2019.<\/p>\n","protected":false},"excerpt":{"rendered":"<p>] LIMA. * 18 de junio de 2021. ) AP. Un autob\u00fas interprovincial que transportaba a trabajadores de una empresa minera y transitaba por una carretera de los Andes peruanos cay\u00f3 el viernes por una pendiente dejando 27 muertos. La minera Hochschild indic\u00f3 en un comunicado que el bus siniestrado llevaba trabajadores de una de&#8230;<\/p>\n","protected":false},"author":2,"featured_media":1230111,"comment_status":"closed","ping_status":"closed","sticky":false,"template":"","format":"standard","meta":{"footnotes":""},"categories":[1969,2005],"tags":[],"class_list":["post-1230110","post","type-post","status-publish","format-standard","has-post-thumbnail","hentry","category-trending","category-seguridad-y-justicia"],"_links":{"self":[{"href":"https:\/\/www.acapulcopress.com\/index.php\/wp-json\/wp\/v2\/posts\/1230110","targetHints":{"allow":["GET"]}}],"collection":[{"href":"https:\/\/www.acapulcopress.com\/index.php\/wp-json\/wp\/v2\/posts"}],"about":[{"href":"https:\/\/www.acapulcopress.com\/index.php\/wp-json\/wp\/v2\/types\/post"}],"author":[{"embeddable":true,"href":"https:\/\/www.acapulcopress.com\/index.php\/wp-json\/wp\/v2\/users\/2"}],"replies":[{"embeddable":true,"href":"https:\/\/www.acapulcopress.com\/index.php\/wp-json\/wp\/v2\/comments?post=1230110"}],"version-history":[{"count":0,"href":"https:\/\/www.acapulcopress.com\/index.php\/wp-json\/wp\/v2\/posts\/1230110\/revisions"}],"wp:featuredmedia":[{"embeddable":true,"href":"https:\/\/www.acapulcopress.com\/index.php\/wp-json\/"}],"wp:attachment":[{"href":"https:\/\/www.acapulcopress.com\/index.php\/wp-json\/wp\/v2\/media?parent=1230110"}],"wp:term":[{"taxonomy":"category","embeddable":true,"href":"https:\/\/www.acapulcopress.com\/index.php\/wp-json\/wp\/v2\/categories?post=1230110"},{"taxonomy":"post_tag","embeddable":true,"href":"https:\/\/www.acapulcopress.com\/index.php\/wp-json\/wp\/v2\/tags?post=1230110"}],"curies":[{"name":"wp","href":"https:\/\/api.w.org\/{rel}","templated":true}]}}