{"id":1230140,"date":"2021-06-18T20:40:32","date_gmt":"2021-06-19T01:40:32","guid":{"rendered":"https:\/\/www.acapulco.press\/?p=1230140"},"modified":"2021-06-18T20:40:32","modified_gmt":"2021-06-19T01:40:32","slug":"prd-pide-a-morena-presentar-denuncias-ante-fgr-contra-expresidentes","status":"publish","type":"post","link":"https:\/\/www.acapulcopress.com\/index.php\/2021\/06\/18\/prd-pide-a-morena-presentar-denuncias-ante-fgr-contra-expresidentes\/","title":{"rendered":"PRD pide a Morena presentar denuncias ante FGR contra expresidentes\u00a0"},"content":{"rendered":"<p style=\"text-align: justify;\">\n] CIUDAD DE M\u00c9XICO. * 18 de junio de 2021.<br \/>\n<em>) Notilegis.<\/em><\/p>\n<p style=\"text-align: justify;\">La diputada Guadalupe Almaguer Pardo (PRD) pidi\u00f3 a Morena presentar las denuncias correspondientes ante la Fiscal\u00eda General de la Rep\u00fablica (FGR) para llevar a juicio a los expresidentes de M\u00e9xico, y evitar el oneroso gasto de una consulta popular.<\/p>\n<p style=\"text-align: justify;\">En un comunicado, la tambi\u00e9n consejera del Poder Legislativo del PRD ante el INE se\u00f1al\u00f3: \u201cno me cabe duda que la Consulta Popular es un mecanismo de participaci\u00f3n de democracia directa por el cual la ciudadan\u00eda ejerce uno de los derechos humanos en materia pol\u00edtica, a trav\u00e9s del cual expresa su opini\u00f3n respecto de uno o varios temas de trascendencia nacional; pero esta consulta, no es de trascendencia nacional y s\u00f3lo responde a un capricho de L\u00f3pez Obrador\u201d.<\/p>\n<p style=\"text-align: justify;\">Durante la sesi\u00f3n del Consejo General del INE la legisladora reconoci\u00f3 el trabajo de dicho Instituto, que ha ajustado el modelo para la consulta, a par\u00e1metros m\u00ednimos necesarios que, por un lado, permitan la garant\u00eda de los derechos de la ciudadan\u00eda y su involucramiento en estos mecanismos de participaci\u00f3n ciudadana, y, por otro, desahogar los trabajos de la consulta, al no contar con un presupuesto asignado para ello por parte de la C\u00e1mara de Diputados, y al contrario haber sufrido un recorte a su presupuesto.<\/p>\n<p style=\"text-align: justify;\">\u201cLas mexicanas y mexicanos queremos y exigimos se aplique la ley sin distingos, no queremos que nos pregunten si las autoridades deben o no cumplir con sus obligaciones y cumplir la ley\u201d, sostuvo.<\/p>\n<p style=\"text-align: justify;\">Expres\u00f3 que esta consulta desde un principio \u201cha sido una m\u00e1s de las banderas pol\u00edtica que ha utilizado el presidente L\u00f3pez Obrador como parte de un discurso de combate a la corrupci\u00f3n y a la impunidad, que en la pr\u00e1ctica su gobierno no ha combatido y al contrario ha reproducido\u201d.<\/p>\n<p style=\"text-align: justify;\">Almaguer Pardo tambi\u00e9n se manifest\u00f3 en lo relativo a los temas de procedimiento administrativo sancionador de queja en materia de fiscalizaci\u00f3n, instaurado en contra de la Coalici\u00f3n \u201cJuntos Haremos Historia en San Luis Potos\u00ed\u201d, integrada por el PVEM y el PT, as\u00ed como de su candidato a la gubernatura, Jos\u00e9 Ricardo Gallardo Cardona.<\/p>\n<p style=\"text-align: justify;\">\u201cUna servidora vive en el Estado de San Luis Potos\u00ed y fui testigo de una elecci\u00f3n desaseada en mi entidad, donde se perdi\u00f3 el principio de certeza, ya que se vivieron actos como: el que no se permitiera una copia de acta a los representantes de los partidos, la detenci\u00f3n arbitraria e ilegal de representantes generales, la suspensi\u00f3n de c\u00f3mputos, y sobre todo la inequidad en la elecci\u00f3n por diversos hechos, pero el m\u00e1s llamativo fue la intromisi\u00f3n de \u00b4influencers\u00b4, el d\u00eda de la elecci\u00f3n, llamando a votar por el Partido Verde\u201d, asegur\u00f3.<\/p>\n<p style=\"text-align: justify;\">La perredista sostuvo: \u201cesperamos que el Tribunal Electoral del Poder Judicial de la Federaci\u00f3n resuelva conforme a derecho y se impongan las sanciones correspondientes. Asimismo, pedimos se resuelva sobre el presunto financiamiento il\u00edcito en la campa\u00f1a de Ricardo Gallardo Cardona\u201d.<\/p>\n","protected":false},"excerpt":{"rendered":"<p>] CIUDAD DE M\u00c9XICO. * 18 de junio de 2021. ) Notilegis. La diputada Guadalupe Almaguer Pardo (PRD) pidi\u00f3 a Morena presentar las denuncias correspondientes ante la Fiscal\u00eda General de la Rep\u00fablica (FGR) para llevar a juicio a los expresidentes de M\u00e9xico, y evitar el oneroso gasto de una consulta popular. En un comunicado, la&#8230;<\/p>\n","protected":false},"author":2,"featured_media":1230141,"comment_status":"closed","ping_status":"closed","sticky":false,"template":"","format":"standard","meta":{"footnotes":""},"categories":[61,18561],"tags":[9504,11285,11291,13297,14804],"class_list":["post-1230140","post","type-post","status-publish","format-standard","has-post-thumbnail","hentry","category-legislacion","category-society-politics","tag-guadalupe-almaguer-pardo","tag-juicio-a-expresidentes","tag-juicio-politico","tag-morena","tag-prd"],"_links":{"self":[{"href":"https:\/\/www.acapulcopress.com\/index.php\/wp-json\/wp\/v2\/posts\/1230140","targetHints":{"allow":["GET"]}}],"collection":[{"href":"https:\/\/www.acapulcopress.com\/index.php\/wp-json\/wp\/v2\/posts"}],"about":[{"href":"https:\/\/www.acapulcopress.com\/index.php\/wp-json\/wp\/v2\/types\/post"}],"author":[{"embeddable":true,"href":"https:\/\/www.acapulcopress.com\/index.php\/wp-json\/wp\/v2\/users\/2"}],"replies":[{"embeddable":true,"href":"https:\/\/www.acapulcopress.com\/index.php\/wp-json\/wp\/v2\/comments?post=1230140"}],"version-history":[{"count":0,"href":"https:\/\/www.acapulcopress.com\/index.php\/wp-json\/wp\/v2\/posts\/1230140\/revisions"}],"wp:featuredmedia":[{"embeddable":true,"href":"https:\/\/www.acapulcopress.com\/index.php\/wp-json\/"}],"wp:attachment":[{"href":"https:\/\/www.acapulcopress.com\/index.php\/wp-json\/wp\/v2\/media?parent=1230140"}],"wp:term":[{"taxonomy":"category","embeddable":true,"href":"https:\/\/www.acapulcopress.com\/index.php\/wp-json\/wp\/v2\/categories?post=1230140"},{"taxonomy":"post_tag","embeddable":true,"href":"https:\/\/www.acapulcopress.com\/index.php\/wp-json\/wp\/v2\/tags?post=1230140"}],"curies":[{"name":"wp","href":"https:\/\/api.w.org\/{rel}","templated":true}]}}