{"id":1230164,"date":"2021-06-18T21:19:32","date_gmt":"2021-06-19T02:19:32","guid":{"rendered":"https:\/\/www.acapulco.press\/?p=1230164"},"modified":"2021-06-18T21:19:32","modified_gmt":"2021-06-19T02:19:32","slug":"clase-media-en-homenaje-a-lopez-velarde","status":"publish","type":"post","link":"https:\/\/www.acapulcopress.com\/index.php\/2021\/06\/18\/clase-media-en-homenaje-a-lopez-velarde\/","title":{"rendered":"Clase media | En homenaje a L\u00f3pez Velarde"},"content":{"rendered":"<p style=\"text-align: justify;\">\u00bb <strong>Mauro Gonzalez-Luna<\/strong><br \/>\n<em>] <a href=\"https:\/\/www.proceso.com.mx\/opinion\/2021\/6\/18\/clase-media-en-homenaje-lopez-velarde-266167.html\" target=\"_blank\" rel=\"noopener\">Proceso<\/a>.<\/em><\/p>\n<p style=\"text-align: justify;\">Son los poetas, alma, inspiraci\u00f3n y motor de transfiguraciones colectivas, de las clases medias, y \u00e9stas de las democracias vibrantes. Sin poetas, no hay revoluciones: Miguel Hern\u00e1ndez, Mart\u00ed, Mistral, Yeats, Tagore, L\u00f3pez Velarde y tantos m\u00e1s. Sin clases medias no hay democracia que valga. Este 19 de junio de 2021 marca el centenario de la muerte del poeta nacional, Ram\u00f3n L\u00f3pez Velarde, de Jerez, Zacatecas. \u00c9l le cant\u00f3 a la Suave Patria para que no muriera su \u00e1nima y su estilo. Sea \u00e9ste un modesto homenaje a tan gran poeta, muerto a los 33 a\u00f1os, la edad perfecta; y a la vez, un anhelo de retorno a la <em>Suave Patria.<\/em><\/p>\n<p style=\"text-align: justify;\">L\u00f3pez Velarde, abogado, maderista, cat\u00f3lico ferviente, y por vocaci\u00f3n, poeta, el poeta nacional de ayer y de siempre. Su numen tempranero, Fuensanta, la Beatriz mexicana. Fuertemente influenciado por el genio de Lugones que un d\u00eda dijo: \u00abal promediar la tarde de aquel d\u00eda, cuando iba mi habitual adi\u00f3s a darte, fue una vaga congoja de dejarte lo que me hizo saber que te quer\u00eda\u00bb.<\/p>\n<p style=\"text-align: justify;\">Ram\u00f3n: fuiste par de Baudelaire y P\u00e9guy, dos altos nombres de la escritura, y te hablo de t\u00fa porque eres nuestro poeta. Estoy hablando de cumbres del arte, de la cultura, que salvan a la pol\u00edtica, devolvi\u00e9ndole su sentido de servicio, de humanismo integral, pues como dijo Dante: estamos hechos para el coraje y el conocimiento.<\/p>\n<p style=\"text-align: justify;\">Desde antiguo se enfrentan dos filosof\u00edas en la arena pol\u00edtica: la del poder, fundada en la divisi\u00f3n generadora de violencia y enfrentamiento entre ricos y pobres, y la de la educaci\u00f3n formadora de personalidad, basada en la nobleza de \u00e1nimo que fecunda verdaderas transformaciones y procrea clases medias creativas.<\/p>\n<p style=\"text-align: justify;\">La filosof\u00eda del poder apunta y promueve la guerra de clases, el ego\u00edsmo pol\u00edtico de facci\u00f3n que produce dislocamientos sociales. Frente a ella, la filosof\u00eda del saber ser y hacer. \u00c9sta postula una manera de ser del cuerpo pol\u00edtico que fomenta la generosidad y la amistad c\u00edvica, porque entiende que el Estado saludable es una \u00abasociaci\u00f3n en una vida com\u00fan dirigida a un bien general\u00bb.<\/p>\n<p style=\"text-align: justify;\">Las clases medias son las guardianas que impiden que las clases altas sufran confiscaciones injustas y que las clases pobres sufran de insultos y opresiones, como dice Plat\u00f3n en la Rep\u00fablica. Las clases medias son la \u00abcura aristot\u00e9lica\u00bb para los males que anidan en toda oligarqu\u00eda y en toda demagogia. \u00c9sta derivando en unipersonal poder tir\u00e1nico y militarizado para perpetuarse.<\/p>\n<p style=\"text-align: justify;\">Las clases medias aseguran el equilibrio social y el pluralismo en la repartici\u00f3n de derechos y cargas cuando predominan en una sociedad. Lo aseguran porque sirven de \u00e1rbitros naturales de los pugilatos entre ricos y pobres, seg\u00fan la sabidur\u00eda antigua de Tuc\u00eddides y Arist\u00f3teles, y seg\u00fan la moderna de los grandes te\u00f3ricos sociales defensores de la democracia; son \u00e1rbitros naturales pues \u00abjuzgan entre extremos, como la virtud, y est\u00e1n en contacto con ambos\u00bb.<\/p>\n<p style=\"text-align: justify;\">Son audaces al no resignarse a la mediocridad; son cr\u00edticas al estar mucho m\u00e1s dispuestas a escuchar a la raz\u00f3n que las ricas que tiran al capricho, y que las pobres que tienden a someterse al dominador y sus d\u00e1divas; son culturalmente informadas porque aspiran leg\u00edtimamente a lo mejor, leen, escuchan y sopesan opiniones a la luz de la realidad, no de espejismos en el desierto de las crisis decisivas. M\u00e1s dispuestas a los deseos inteligentes y generosos, incluso al sacrificio.<\/p>\n<p style=\"text-align: justify;\">Los reg\u00edmenes desafectos a la democracia, adversarios del conocimiento, del esp\u00edritu de fineza pascaliano, se fundan en la sumisi\u00f3n o pasividad de las clases humildes y en la pusilanimidad convenenciera de las altas; por ello, dese\u00f1an a las clases medias que pensando y trabajando arduamente, se enfrentan al poder cuando vulnera el bien com\u00fan.<\/p>\n<p style=\"text-align: justify;\">Pero esa sumisi\u00f3n resignada de las clases pobres no est\u00e1 sujeta a determinismos pol\u00edticos, a predisposiciones dogm\u00e1ticas, ya que con frecuencia dichas clases son capaces de sacudirse con liderazgos honestos \u00abla manipulaci\u00f3n demag\u00f3gica y el autoritarismo carism\u00e1tico, el caudillismo\u00bb, seg\u00fan decir del pensador pol\u00edtico de Harvard, Mangabeira Unger.<\/p>\n<p style=\"text-align: justify;\">Las clases medias, si predominan, dirigiendo y poniendo delante ideas te\u00f1idas de valor, marcan rumbo y destino de una naci\u00f3n. Y ellas en ocasiones, hermanadas con las humildes y con integrantes de las altas dispuestos a la solidaridad para que impere la equidad econ\u00f3mica, son capaces, como se\u00f1ala mi maestro Unger, de transformar \u00ablas incertidumbres del mundo en armas de enjundia pol\u00edtica y conocimiento\u00bb.<\/p>\n<p style=\"text-align: justify;\">Son capaces de trocar los palenques pol\u00edticos donde se despluman y hieren unos y otros, en \u00e1mbitos de tolerancia, respeto, camarader\u00eda, donde las pasiones se someten a la inteligencia, al bien comunitario, a la cultura, al derecho cuyo n\u00facleo y fin es la justicia, pues no existe \u00e9sta sin su medio, el derecho.<\/p>\n<p style=\"text-align: justify;\">La \u00abpura justicia\u00bb al margen del derecho, de las leyes, es meramente la voluntad del m\u00e1s fuerte como queda demostrado en el di\u00e1logo del Gorgias donde el m\u00e1s sabio de los hombres, S\u00f3crates, a trav\u00e9s de su dial\u00e9ctica, exhibe la falsedad de los sofistas embaucadores, de los Calicles y de su embotada ret\u00f3rica.<\/p>\n<p style=\"text-align: justify;\">La Ciudad de M\u00e9xico y muchos rumbos de la rep\u00fablica se han convertido en puntas de lanza de una clase media protagonista de un porvenir mejor para todos, donde la vida y la Constituci\u00f3n valgan, y el luto por las 600 mil muertes por covid calculadas por la Universidad de Washington, por las v\u00edctimas de la L12 del Metro y por las de la violencia organizada y por muchas otras, quede acu\u00f1ado en la memoria nacional, y el pa\u00eds vuelva a vivir \u00abentre risas y gritos de muchachas y p\u00e1jaros de oficio carpintero\u00bb. Re\u00edr ahora en medio de tanta muerte y tragedia con solamente 12 % de la poblaci\u00f3n totalmente vacunada (Oxford University), es vil, inhumano.<\/p>\n<p style=\"text-align: justify;\">Clase media protagonista de un M\u00e9xico unido por venir, \u00abinaccesible al deshonor\u00bb, \u00abimpecable y diamantino\u00bb, que destierre los intereses facciosos disfrazados con lentejuelas verbales aptas para la bober\u00eda, y aspire a la realizaci\u00f3n fraterna del bien de la comunidad, al retorno al hogar como cifra de toda \u00e9tica, a la Suave Patria del poeta que nos dio de su felicidad la llave:<\/p>\n<p style=\"text-align: justify;\"><em>\u00abMoneda espiritual en que se fragua<\/em><\/p>\n<p style=\"text-align: justify;\"><em>todo lo que sufriste: la piragua<\/em><\/p>\n<p style=\"text-align: justify;\"><em>prisionera, al azoro de tus cr\u00edas,<\/em><\/p>\n<p style=\"text-align: justify;\"><em>&#8230;&#8230;\u00bb.<\/em><\/p>\n<p style=\"text-align: justify;\"><em>\u00abPatria, te doy de tu dicha la clave:<\/em><\/p>\n<p style=\"text-align: justify;\"><em>s\u00e9 siempre igual, fiel a tu espejo diario;<\/em><\/p>\n<p style=\"text-align: justify;\"><em>cincuenta veces es igual el ave<\/em><\/p>\n<p style=\"text-align: justify;\"><em>taladrada en el hilo del rosario,<\/em><\/p>\n<p style=\"text-align: justify;\"><em>y es m\u00e1s feliz que t\u00fa, Patria suave\u00bb.<\/em><\/p>\n<p style=\"text-align: justify;\">Dedico este art\u00edculo con admiraci\u00f3n, a la memoria del poeta jerezano; con afecto, a mi hija Federica Mar\u00eda, joven y hermosa fil\u00f3sofa-poetisa; y con respeto, a la diputada Adriana D\u00e1vila Fern\u00e1ndez, tlaxcalteca, legisladora guerrera, deseando que un d\u00eda que apremia, haga reencontrar a su partido con sus or\u00edgenes fundantes, inspirados en la Doctrina Social Cat\u00f3lica y sus principios de solidaridad y subsidiariedad que concilian justicia y libertad, y as\u00ed, se restaure la cercan\u00eda con el pueblo, la frescura del alba y la \u00abalianza insobornable entre los valores trascendentes y el pueblo todo\u00bb.<br \/>\n] J. Mauro Gonz\u00e1lez-Luna M.<\/p>\n","protected":false},"excerpt":{"rendered":"<p>\u00bb Mauro Gonzalez-Luna ] Proceso. Son los poetas, alma, inspiraci\u00f3n y motor de transfiguraciones colectivas, de las clases medias, y \u00e9stas de las democracias vibrantes. Sin poetas, no hay revoluciones: Miguel Hern\u00e1ndez, Mart\u00ed, Mistral, Yeats, Tagore, L\u00f3pez Velarde y tantos m\u00e1s. Sin clases medias no hay democracia que valga. Este 19 de junio de 2021&#8230;<\/p>\n","protected":false},"author":2,"featured_media":1230165,"comment_status":"closed","ping_status":"closed","sticky":false,"template":"","format":"standard","meta":{"footnotes":""},"categories":[2071,1991],"tags":[5838,14331,15262],"class_list":["post-1230164","post","type-post","status-publish","format-standard","has-post-thumbnail","hentry","category-opinion-analisis-columnas","category-libertad-de-expresion","tag-clase-media","tag-patria-suave","tag-ramon-lopez-velarde"],"_links":{"self":[{"href":"https:\/\/www.acapulcopress.com\/index.php\/wp-json\/wp\/v2\/posts\/1230164","targetHints":{"allow":["GET"]}}],"collection":[{"href":"https:\/\/www.acapulcopress.com\/index.php\/wp-json\/wp\/v2\/posts"}],"about":[{"href":"https:\/\/www.acapulcopress.com\/index.php\/wp-json\/wp\/v2\/types\/post"}],"author":[{"embeddable":true,"href":"https:\/\/www.acapulcopress.com\/index.php\/wp-json\/wp\/v2\/users\/2"}],"replies":[{"embeddable":true,"href":"https:\/\/www.acapulcopress.com\/index.php\/wp-json\/wp\/v2\/comments?post=1230164"}],"version-history":[{"count":0,"href":"https:\/\/www.acapulcopress.com\/index.php\/wp-json\/wp\/v2\/posts\/1230164\/revisions"}],"wp:featuredmedia":[{"embeddable":true,"href":"https:\/\/www.acapulcopress.com\/index.php\/wp-json\/"}],"wp:attachment":[{"href":"https:\/\/www.acapulcopress.com\/index.php\/wp-json\/wp\/v2\/media?parent=1230164"}],"wp:term":[{"taxonomy":"category","embeddable":true,"href":"https:\/\/www.acapulcopress.com\/index.php\/wp-json\/wp\/v2\/categories?post=1230164"},{"taxonomy":"post_tag","embeddable":true,"href":"https:\/\/www.acapulcopress.com\/index.php\/wp-json\/wp\/v2\/tags?post=1230164"}],"curies":[{"name":"wp","href":"https:\/\/api.w.org\/{rel}","templated":true}]}}