{"id":1230172,"date":"2021-06-18T21:36:25","date_gmt":"2021-06-19T02:36:25","guid":{"rendered":"https:\/\/www.acapulco.press\/?p=1230172"},"modified":"2021-06-18T21:36:25","modified_gmt":"2021-06-19T02:36:25","slug":"abdul-jabbar-produce-y-narra-documental-the-movements-that-changed-america","status":"publish","type":"post","link":"https:\/\/www.acapulcopress.com\/index.php\/2021\/06\/18\/abdul-jabbar-produce-y-narra-documental-the-movements-that-changed-america\/","title":{"rendered":"Abdul-Jabbar produce y narra documental \u201cThe Movements That Changed America\u201d"},"content":{"rendered":"<p style=\"text-align: justify;\">] LOS \u00c1NGELES. * 18 de junio de 2021.<br \/>\n<em>) <a href=\"https:\/\/apnews.com\/article\/espectaculos-73976e228b6cb922afd3d97356dad1cb\" target=\"_blank\" rel=\"noopener\">AP<\/a>.<\/em><\/p>\n<p style=\"text-align: justify;\">Kareem Abdul-Jabbar es una leyenda de la NBA, pero el hombre conocido por sus tiros a la canasta tambi\u00e9n ha dedicado su vida a abogar por la igualdad y la justicia social.<\/p>\n<p style=\"text-align: justify;\">Abdul-Jabbar emprender\u00e1 otro paso en su activismo como productor ejecutivo y narrador del documental \u201cFight the Power: The Movements That Changed America\u201d, que se estrena el s\u00e1bado en <em>History Channel.<\/em> El programa de una hora explora la historia de las protestas por la justicia en Estados Unidos que se remontan al siglo XIX.<\/p>\n<p style=\"text-align: justify;\">\u201cFight the Power\u201d examina el movimiento por los derechos de los trabajadores en la d\u00e9cada de 1880, el movimiento sufragista femenino y la lucha por los derechos civiles, as\u00ed como los derechos LGBTQ+ y las iniciativas del movimiento Black Lives Matter. Tambi\u00e9n incluye im\u00e1genes de las experiencias personales de Abdul-Jabbar cuando cubri\u00f3 una de las conferencias de prensa de Martin Luther King Jr. a los 17 a\u00f1os y asisti\u00f3 a la famosa conferencia en Cleveland en 1967 donde prominentes deportistas negros, como Bill Russell y Jim Brown, abordaron la negativa de Muhammad Ali a rendir servicio en la Guerra de Vietnam.<\/p>\n<p style=\"text-align: justify;\">Abdul-Jabbar dijo que la coproductora ejecutiva Deborah Morales insisti\u00f3 en que el documental incluyera a todos los grupos afectados por \u201cla intolerancia y la discriminaci\u00f3n\u201d. La b\u00fasqueda de justicia de Abdul-Jabbar llev\u00f3 a que la NBA creara un premio con su nombre el mes pasado.<\/p>\n<p style=\"text-align: justify;\">En una entrevista reciente, el basquetbolista habl\u00f3 con The Associated Press sobre la importancia del documental, su inolvidable conversaci\u00f3n con King, y c\u00f3mo Emmett Till y James Baldwin fueron catalizadores en su b\u00fasqueda por la justicia social.<\/p>\n<p style=\"text-align: justify;\">Las respuestas fueron editadas para mayor brevedad y claridad.<\/p>\n<p style=\"text-align: justify;\"><strong>&#8212; \u00bfPor qu\u00e9 se enfoca el documental en varios movimientos diferentes?<\/strong><\/p>\n<p style=\"text-align: justify;\">&#8212; Para m\u00ed, busca mostrar que lo que los afroamericanos deben enfrentar lo han experimentado otros grupos marginados. Todos nosotros en alg\u00fan momento hemos sido blanco de ataques del grupo dominante. Por lo tanto, debemos entender que todos estamos en el mismo barco y debemos defender los derechos de todos los grupos marginados, no s\u00f3lo aquellos en los que estemos que causen pol\u00e9mica, sino mirar otros temas.<\/p>\n<p style=\"text-align: justify;\"><strong>&#8212; \u00bfCu\u00e1ndo se percat\u00f3 de que la gente de color es tratada de manera injusta en este pa\u00eds?<\/strong><\/p>\n<p style=\"text-align: justify;\">&#8212; Comenz\u00f3 cuando ten\u00eda 8 a\u00f1os. Ten\u00eda esa edad cuando Emmett Till fue asesinado. No lo comprend\u00ed. Le ped\u00ed a mis padres que me lo explicaran. Ellos no ten\u00edan las palabras. Pens\u00e9: \u201c\u00bfD\u00f3nde vivo? \u00bfPor qu\u00e9 soy un blanco de ataques aqu\u00ed?\u201d<\/p>\n<p style=\"text-align: justify;\"><strong>&#8212; \u00bfC\u00f3mo encontr\u00f3 algo de claridad?<\/strong><\/p>\n<p style=\"text-align: justify;\">&#8212; Estaba en el octavo grado. Ten\u00eda unos 13 a\u00f1os y le\u00ed \u201cThe Fire Next Time\u201d (\u201cLa pr\u00f3xima vez el fuego\u201d) de James Baldwin. Eso me lo explic\u00f3. Me dio una idea de lo que ten\u00eda que hacer y lo que los estadounidenses negros ten\u00edan que hacer para salir de toda esta opresi\u00f3n.<\/p>\n<p style=\"text-align: justify;\"><strong>&#8212; Usted es un campe\u00f3n en la cancha de baloncesto y una voz de la inclusi\u00f3n. \u00bfAlguna vez se imagin\u00f3 en este camino?<\/strong><\/p>\n<p style=\"text-align: justify;\">&#8212; Realmente nuca me vi como un l\u00edder en todo esto. Era alguien que hablaba. Ten\u00eda suficiente valor y estaba lo suficientemente loco para expresarme sobre estas cosas. Si no hablamos de estos temas, no lidiamos con ellos. As\u00ed que alguien tiene que hablar. Recuerdas toda la pol\u00e9mica despu\u00e9s de que LeBron (James) dijo: \u201cCallarte y driblar es una tonter\u00eda\u201d. Tienes que llegar a ese punto en el que puedes decir eso y que la gente comprenda lo que significa.<\/p>\n<p style=\"text-align: justify;\"><strong>&#8212; \u00bfQu\u00e9 experiencia personal destacada en el documento le resalta m\u00e1s?<\/strong><\/p>\n<p style=\"text-align: justify;\">&#8212; Cuando ten\u00eda 17 a\u00f1os y pude entrevistar al doctor King. Eso fue incre\u00edble. Simplemente intercambiar algunas palabras con \u00e9l. Pero para entender lo que realmente significaba su mensaje, nunca lo compar\u00e9 realmente con lo que estaba hablando Malcolm X. Cuando haces eso, te das cuenta de que en realidad ten\u00edan dos enfoques diferentes para el mismo fin: libertad, justicia e igualdad para todos los estadounidenses. Igualdad, de eso se debe tratar.<\/p>\n<p style=\"text-align: justify;\"><strong>&#8212; \u00bfCu\u00e1l es su mayor conclusi\u00f3n de este documental?<\/strong><\/p>\n<p style=\"text-align: justify;\">&#8212; Es una serie de pasos adelante, pero tambi\u00e9n ha hay algunos tropiezos y muchos intentos por hacer que todo retroceda. Tenemos que lidiar con lo que la gente est\u00e1 hablando realmente (al decir) que hay que hacer a Estados Unidos grande de nuevo. No se trataba de ser grande, se trataba de ser gobernados por un cierto grupo de personas. Ellos pensaron que eso era genial. Pero nuestro pa\u00eds deber\u00eda ser gobernado por el pueblo estadounidense. Y todos tenemos un voto en eso. Todos tenemos una voz. Todos tenemos que usar nuestras voces y nuestros votos de manera justa.<\/p>\n<p style=\"text-align: justify;\"><strong>&#8212; \u00bfHay otros temas que le gustar\u00eda explorar en el futuro?<\/strong><\/p>\n<p style=\"text-align: justify;\">&#8212; Espero poder hacer una pieza de estilo m\u00e1s documental sobre (la red clandestina para liberar esclavos) Underground Railroad. Hay una pieza dram\u00e1tica sobre ella ahora que est\u00e1 muy bien hecha, pero deber\u00edamos entrar en los detalles y permitir que Estados Unidos comprenda de qu\u00e9 se trataba todo eso, porque es una historia interesante.<\/p>\n<p style=\"text-align: justify;\"><strong>&#8212; \u00bfCu\u00e1l ser\u00eda su \u00e1ngulo?<\/strong><\/p>\n<p style=\"text-align: justify;\">&#8212; Algunas de las personas involucradas que nunca ser\u00edan consideradas h\u00e9roes del Underground Railroad. Por ejemplo, \u00bfqu\u00e9 sabes de Wild Bill Hickok? Cuando \u00e9l era un adolescente, su padre y su t\u00edo ayudaron a que los esclavos que se fugaban llegaran a Canad\u00e1. \u00c9l viv\u00eda en el centro de Illinois y los esclavos que se escapaban iban del r\u00edo Mississippi a Chicago y al sur de Wisconsin, se sub\u00edan a un barco y cruzaban el lago Michigan. Cuando llegaban a Canad\u00e1, eran libres. Hay muchas historias como esa.<\/p>\n","protected":false},"excerpt":{"rendered":"<p>] LOS \u00c1NGELES. * 18 de junio de 2021. ) AP. Kareem Abdul-Jabbar es una leyenda de la NBA, pero el hombre conocido por sus tiros a la canasta tambi\u00e9n ha dedicado su vida a abogar por la igualdad y la justicia social. Abdul-Jabbar emprender\u00e1 otro paso en su activismo como productor ejecutivo y narrador&#8230;<\/p>\n","protected":false},"author":2,"featured_media":1230173,"comment_status":"closed","ping_status":"closed","sticky":false,"template":"","format":"standard","meta":{"footnotes":""},"categories":[1988,1994],"tags":[2408,11394,13588],"class_list":["post-1230172","post","type-post","status-publish","format-standard","has-post-thumbnail","hentry","category-lifestyles","category-personalidades","tag-fight-the-power-the-movements-that-changed-america","tag-kareem-abdul-jabbar","tag-nba"],"_links":{"self":[{"href":"https:\/\/www.acapulcopress.com\/index.php\/wp-json\/wp\/v2\/posts\/1230172","targetHints":{"allow":["GET"]}}],"collection":[{"href":"https:\/\/www.acapulcopress.com\/index.php\/wp-json\/wp\/v2\/posts"}],"about":[{"href":"https:\/\/www.acapulcopress.com\/index.php\/wp-json\/wp\/v2\/types\/post"}],"author":[{"embeddable":true,"href":"https:\/\/www.acapulcopress.com\/index.php\/wp-json\/wp\/v2\/users\/2"}],"replies":[{"embeddable":true,"href":"https:\/\/www.acapulcopress.com\/index.php\/wp-json\/wp\/v2\/comments?post=1230172"}],"version-history":[{"count":0,"href":"https:\/\/www.acapulcopress.com\/index.php\/wp-json\/wp\/v2\/posts\/1230172\/revisions"}],"wp:featuredmedia":[{"embeddable":true,"href":"https:\/\/www.acapulcopress.com\/index.php\/wp-json\/"}],"wp:attachment":[{"href":"https:\/\/www.acapulcopress.com\/index.php\/wp-json\/wp\/v2\/media?parent=1230172"}],"wp:term":[{"taxonomy":"category","embeddable":true,"href":"https:\/\/www.acapulcopress.com\/index.php\/wp-json\/wp\/v2\/categories?post=1230172"},{"taxonomy":"post_tag","embeddable":true,"href":"https:\/\/www.acapulcopress.com\/index.php\/wp-json\/wp\/v2\/tags?post=1230172"}],"curies":[{"name":"wp","href":"https:\/\/api.w.org\/{rel}","templated":true}]}}