{"id":1230179,"date":"2021-06-18T10:43:43","date_gmt":"2021-06-18T15:43:43","guid":{"rendered":"https:\/\/www.acapulco.press\/?p=1230179"},"modified":"2021-06-18T10:43:43","modified_gmt":"2021-06-18T15:43:43","slug":"conmemoran-55-aniversario-del-plan-dn-iii-e","status":"publish","type":"post","link":"https:\/\/www.acapulcopress.com\/index.php\/2021\/06\/18\/conmemoran-55-aniversario-del-plan-dn-iii-e\/","title":{"rendered":"Conmemoran 55 Aniversario del Plan DN-III-E"},"content":{"rendered":"<p style=\"text-align: justify;\">] CHILPANCINGO. * 18 de junio de 2021.<br \/>\n<em>) Gobierno de Guerrero.<\/em><\/p>\n<p style=\"text-align: justify;\">La Secretar\u00eda de la Defensa Nacional a trav\u00e9s del Sexto Batall\u00f3n de Ingenieros de Combate conmemor\u00f3 el 55 aniversario de la <img loading=\"lazy\" decoding=\"async\" class=\"alignleft size-medium wp-image-1230182\" src=\"https:\/\/www.acapulco.press\/wp-content\/uploads\/2021\/06\/PLAN-DN3-375x250.jpg\" alt=\"\" width=\"375\" height=\"250\" \/>creaci\u00f3n del Plan DN-III-E, el cual fue declarado listo para atender a las y los guerrerenses que resulten afectados por las lluvias y otros fen\u00f3menos naturales.<\/p>\n<p style=\"text-align: justify;\">En este acto al que asisti\u00f3 el secretario de Protecci\u00f3n Civil, C\u00e9sar Mayares Salvador, el comandante del Sexto Batall\u00f3n de Ingenieros de Combate, Hugo L\u00f3pez Maldonado mencion\u00f3 que desde su creaci\u00f3n, a trav\u00e9s de este Plan se ha atendido un gran n\u00famero de emergencias.<\/p>\n<p style=\"text-align: justify;\">Asimismo, record\u00f3 que desde marzo del 2020 se aplic\u00f3 en forma permanente este plan para la atenci\u00f3n a la pandemia por el Covid-<img loading=\"lazy\" decoding=\"async\" class=\"alignleft size-medium wp-image-1230181\" src=\"https:\/\/www.acapulco.press\/wp-content\/uploads\/2021\/06\/PLAN-DN3.3-375x250.jpg\" alt=\"\" width=\"375\" height=\"250\" \/>19, donde la Secretar\u00eda de la Defensa Nacional despleg\u00f3 a m\u00e1s de 33 mil militares, 3 mil 200 veh\u00edculos y 24 aeronaves, adem\u00e1s de la reconversi\u00f3n de algunos hospitales militares.<\/p>\n<p style=\"text-align: justify;\">Precis\u00f3 que en Guerrero para atender una emergencia se cuenta con plantas potabilizadoras de agua, equipo de b\u00fasqueda, rescate y evacuaci\u00f3n, equipo de seguridad, equipo de control de albergues, embarcaciones de reconocimiento, maquinaria pesada, c\u00e9lula de transmisiones, c\u00e9lula de sanidad, c\u00e9lula de alimentaci\u00f3n y puente militar met\u00e1lico desmontable con capacidad de hasta 32 metros.<\/p>\n","protected":false},"excerpt":{"rendered":"<p>] CHILPANCINGO. * 18 de junio de 2021. ) Gobierno de Guerrero. La Secretar\u00eda de la Defensa Nacional a trav\u00e9s del Sexto Batall\u00f3n de Ingenieros de Combate conmemor\u00f3 el 55 aniversario de la creaci\u00f3n del Plan DN-III-E, el cual fue declarado listo para atender a las y los guerrerenses que resulten afectados por las lluvias&#8230;<\/p>\n","protected":false},"author":2,"featured_media":1230180,"comment_status":"closed","ping_status":"closed","sticky":false,"template":"","format":"standard","meta":{"footnotes":""},"categories":[18573,18561],"tags":[14617,16207],"class_list":["post-1230179","post","type-post","status-publish","format-standard","has-post-thumbnail","hentry","category-goverment","category-society-politics","tag-plan-dn-iii-e","tag-secretaria-de-la-defensa-nacional-sedena"],"_links":{"self":[{"href":"https:\/\/www.acapulcopress.com\/index.php\/wp-json\/wp\/v2\/posts\/1230179","targetHints":{"allow":["GET"]}}],"collection":[{"href":"https:\/\/www.acapulcopress.com\/index.php\/wp-json\/wp\/v2\/posts"}],"about":[{"href":"https:\/\/www.acapulcopress.com\/index.php\/wp-json\/wp\/v2\/types\/post"}],"author":[{"embeddable":true,"href":"https:\/\/www.acapulcopress.com\/index.php\/wp-json\/wp\/v2\/users\/2"}],"replies":[{"embeddable":true,"href":"https:\/\/www.acapulcopress.com\/index.php\/wp-json\/wp\/v2\/comments?post=1230179"}],"version-history":[{"count":0,"href":"https:\/\/www.acapulcopress.com\/index.php\/wp-json\/wp\/v2\/posts\/1230179\/revisions"}],"wp:featuredmedia":[{"embeddable":true,"href":"https:\/\/www.acapulcopress.com\/index.php\/wp-json\/"}],"wp:attachment":[{"href":"https:\/\/www.acapulcopress.com\/index.php\/wp-json\/wp\/v2\/media?parent=1230179"}],"wp:term":[{"taxonomy":"category","embeddable":true,"href":"https:\/\/www.acapulcopress.com\/index.php\/wp-json\/wp\/v2\/categories?post=1230179"},{"taxonomy":"post_tag","embeddable":true,"href":"https:\/\/www.acapulcopress.com\/index.php\/wp-json\/wp\/v2\/tags?post=1230179"}],"curies":[{"name":"wp","href":"https:\/\/api.w.org\/{rel}","templated":true}]}}