{"id":1230187,"date":"2021-06-18T22:18:51","date_gmt":"2021-06-19T03:18:51","guid":{"rendered":"https:\/\/www.acapulco.press\/?p=1230187"},"modified":"2021-06-18T22:18:51","modified_gmt":"2021-06-19T03:18:51","slug":"por-crititicar-a-conmebol-suspenden-un-partido-y-multan-a-marcelo-martins","status":"publish","type":"post","link":"https:\/\/www.acapulcopress.com\/index.php\/2021\/06\/18\/por-crititicar-a-conmebol-suspenden-un-partido-y-multan-a-marcelo-martins\/","title":{"rendered":"Por crititicar a Conmebol suspenden un partido y multan a Marcelo Martins"},"content":{"rendered":"<p style=\"text-align: justify;\">] LA PAZ, Bolivia. * 18 de junio de 2021.<br \/>\n) AP.<\/p>\n<p style=\"text-align: justify;\">goleador hist\u00f3rico de la selecci\u00f3n de Bolivia, fue suspendido un encuentro y multado con 20.000 d\u00f3lares, a ra\u00edz de las duras cr\u00edticas que emiti\u00f3 contra la Confederaci\u00f3n Sudamericana de F\u00fatbol (Conmebol) por realizar la Copa Am\u00e9rica en Brasil pese a los altos niveles de contagio de coronavirus.<\/p>\n<p style=\"text-align: justify;\">La Comisi\u00f3n Disciplinaria del \u00f3rgano rector del f\u00fatbol en Sudam\u00e9rica emiti\u00f3 el viernes una decisi\u00f3n en la que anuncia las sanciones, adem\u00e1s de \u201cadvertir expresamente\u201d al futbolista \u201cque en caso de reiterarse cualquier infracci\u00f3n a la disciplina deportiva de igual o similar naturaleza\u201d podr\u00eda enfrentar una sanci\u00f3n de un a\u00f1o.<\/p>\n<p style=\"text-align: justify;\">El documento con la resoluci\u00f3n fue publicado en la cuenta oficial de la Federaci\u00f3n Boliviana de F\u00fatbol (FBF) en Twitter.<\/p>\n<p style=\"text-align: justify;\">\u201cAnte una prolija y eficiente defensa realizada entre la FBF y Marcelo Martins, la @Conmebol establece una sanci\u00f3n m\u00ednima para el goleador de la selecci\u00f3n nacional\u201d, destac\u00f3 la Federaci\u00f3n en el tuit que acompa\u00f1a el documento.<\/p>\n<p style=\"text-align: justify;\">Martins, quien acumula 25 tantos con la selecci\u00f3n boliviana, figur\u00f3 entre tres jugadores del equipo que dieron positivo de COVID-19 el s\u00e1bado pasado, un d\u00eda antes de la inauguraci\u00f3n del certamen en Brasil, que asumi\u00f3 de emergencia la organizaci\u00f3n de la Copa Am\u00e9rica, luego que Colombia y Argentina quedaron descartadas como coanfitrionas.<\/p>\n<p style=\"text-align: justify;\">El delantero, quien el viernes cumpli\u00f3 34 a\u00f1os, se perdi\u00f3 as\u00ed el partido del lunes, una derrota por 3-1 ante Paraguay. Al d\u00eda siguiente, tron\u00f3 en las redes contra la Conmebol, por considerar que pon\u00eda en grave riesgo a los jugadores al insistir en la realizaci\u00f3n de la Copa Am\u00e9rica.<\/p>\n<p style=\"text-align: justify;\">\u201cGracias a ustedes de Conmebol por todo esto. Toda la culpa es totalmente de ustedes!!! \u00bfSi se muere una persona qu\u00e9 van a hacer ustedes? Lo que les importa solamente es el DINERO. \u00bfLa vida del jugador no vale nada?\u201d, escribi\u00f3 el veterano en su cuenta de Instagram.<\/p>\n<p style=\"text-align: justify;\">CONMEBOL abri\u00f3 un procedimiento disciplinario contra el jugador, al considerar que sus cr\u00edticas hab\u00edan infringido el art\u00edculo 12 de su c\u00f3digo, el cual proh\u00edbe \u201cinsultar de cualquier manera y por cualquier medio a la Conmebol, sus autoridades u oficiales\u201d.<\/p>\n<p style=\"text-align: justify;\">El mi\u00e9rcoles por la noche, Martins se disculp\u00f3 por el texto, cuya redacci\u00f3n atribuy\u00f3 a los encargados de manejar sus redes sociales. Explic\u00f3 adem\u00e1s que se sent\u00eda frustrado por haber contra\u00eddo el COVID-19.<\/p>\n<p style=\"text-align: justify;\">\u201cNo ha sido mi intenci\u00f3n generar una pol\u00e9mica, ofender o cuestionar a la Confederaci\u00f3n Sudamericana de F\u00fatbol (Conmebol) ni a sus autoridades\u201d, indic\u00f3 Martins en un comunicado.<\/p>\n<p style=\"text-align: justify;\">El t\u00e9cnico venezolano de Bolivia, C\u00e9sar Far\u00edas, tuvo elogios para su jugador en la videoconferencia de prensa del jueves y pidi\u00f3 comprender su situaci\u00f3n.<\/p>\n<p style=\"text-align: justify;\">\u201cEs m\u00e1s que nuestro capit\u00e1n, es nuestra bandera hoy d\u00eda, futbol\u00edsticamente, y ha pasado d\u00edas dif\u00edciles, como pasar\u00eda cualquier ser humano que se encuentre bajo una enfermedad y que se encuentre en aislamiento\u201d, dijo Far\u00edas. \u201cEso conlleva a que en alg\u00fan momento cualquiera est\u00e9 reactivo, y quiero que eso lo consideren muy bien las personas que lo tienen que juzgar&#8230; Debe haber tambi\u00e9n la sensibilidad de analizar el contexto completo. Nuestro pleno respaldo para Marcelo\u201d.<\/p>\n<p style=\"text-align: justify;\">Martins estaba descartado de cualquier modo para el cotejo de este viernes, en vista de que guarda cuarentena.<\/p>\n<p style=\"text-align: justify;\">Adem\u00e1s de los tres casos positivos reportados antes del certamen, dos jugadores bolivianos contrajeron el coronavirus: el defensa \u00d3scar Ribera y el delantero Jaume Cu\u00e9llar, quien fue expulsado en el partido ante Paraguay.<\/p>\n<p style=\"text-align: justify;\">Otras cuatro selecciones han reportado casos de coronavirus entre jugadores u otros integrantes de su delegaci\u00f3n: Venezuela, Colombia, Per\u00fa y Chile.<\/p>\n","protected":false},"excerpt":{"rendered":"<p>] LA PAZ, Bolivia. * 18 de junio de 2021. ) AP. goleador hist\u00f3rico de la selecci\u00f3n de Bolivia, fue suspendido un encuentro y multado con 20.000 d\u00f3lares, a ra\u00edz de las duras cr\u00edticas que emiti\u00f3 contra la Confederaci\u00f3n Sudamericana de F\u00fatbol (Conmebol) por realizar la Copa Am\u00e9rica en Brasil pese a los altos niveles&#8230;<\/p>\n","protected":false},"author":2,"featured_media":1230188,"comment_status":"closed","ping_status":"closed","sticky":false,"template":"","format":"standard","meta":{"footnotes":""},"categories":[1988,18566],"tags":[6346,6592],"class_list":["post-1230187","post","type-post","status-publish","format-standard","has-post-thumbnail","hentry","category-lifestyles","category-sports-lifestyles","tag-confederacion-sudamericana-de-futbol-conmebol","tag-copa-america"],"_links":{"self":[{"href":"https:\/\/www.acapulcopress.com\/index.php\/wp-json\/wp\/v2\/posts\/1230187","targetHints":{"allow":["GET"]}}],"collection":[{"href":"https:\/\/www.acapulcopress.com\/index.php\/wp-json\/wp\/v2\/posts"}],"about":[{"href":"https:\/\/www.acapulcopress.com\/index.php\/wp-json\/wp\/v2\/types\/post"}],"author":[{"embeddable":true,"href":"https:\/\/www.acapulcopress.com\/index.php\/wp-json\/wp\/v2\/users\/2"}],"replies":[{"embeddable":true,"href":"https:\/\/www.acapulcopress.com\/index.php\/wp-json\/wp\/v2\/comments?post=1230187"}],"version-history":[{"count":0,"href":"https:\/\/www.acapulcopress.com\/index.php\/wp-json\/wp\/v2\/posts\/1230187\/revisions"}],"wp:featuredmedia":[{"embeddable":true,"href":"https:\/\/www.acapulcopress.com\/index.php\/wp-json\/"}],"wp:attachment":[{"href":"https:\/\/www.acapulcopress.com\/index.php\/wp-json\/wp\/v2\/media?parent=1230187"}],"wp:term":[{"taxonomy":"category","embeddable":true,"href":"https:\/\/www.acapulcopress.com\/index.php\/wp-json\/wp\/v2\/categories?post=1230187"},{"taxonomy":"post_tag","embeddable":true,"href":"https:\/\/www.acapulcopress.com\/index.php\/wp-json\/wp\/v2\/tags?post=1230187"}],"curies":[{"name":"wp","href":"https:\/\/api.w.org\/{rel}","templated":true}]}}