{"id":1230202,"date":"2021-06-28T23:40:24","date_gmt":"2021-06-29T04:40:24","guid":{"rendered":"https:\/\/www.acapulco.press\/?p=1230202"},"modified":"2021-06-28T23:40:24","modified_gmt":"2021-06-29T04:40:24","slug":"anorve-rechaza-reforma-energetica-militarizar-la-guardia-y-desaparecer-el-ine","status":"publish","type":"post","link":"https:\/\/www.acapulcopress.com\/index.php\/2021\/06\/28\/anorve-rechaza-reforma-energetica-militarizar-la-guardia-y-desaparecer-el-ine\/","title":{"rendered":"A\u00f1orve rechaza Reforma Energ\u00e9tica, militarizar la Guardia y desaparecer el INE"},"content":{"rendered":"<p style=\"text-align: justify;\">ACAPULCO, Gro. * 28 de junio de 2021.<br \/>\n<em>) Aps.<\/em><\/p>\n<p>El Senador Manuel A\u00f1orve Ba\u00f1os, secretario de la Mesa Directiva del Congreso de la Uni\u00f3n, se pronunci\u00f3 en contra de la militarizaci\u00f3n de la Guardia Nacional, la Reforma Energ\u00e9tica y la desaparici\u00f3n del Instituto Nacional Electoral (INE).<\/p>\n<p style=\"text-align: justify;\">Previo al tema central de su conferencia de prensa, el senador guerrerense subray\u00f3 que, como lo ha hecho siempre, seguir\u00e1 <img loading=\"lazy\" decoding=\"async\" class=\"alignleft size-medium wp-image-1230204\" src=\"https:\/\/www.acapulco.press\/wp-content\/uploads\/2021\/06\/Manuel-Anorve2-375x281.jpg\" alt=\"\" width=\"375\" height=\"281\" \/>acompa\u00f1ando a su amigo el gobernador H\u00e9ctor Astudillo no solamente hasta el \u00faltimo minuto de su mandato, sino hasta cuando haya terminado su per\u00edodo constitucional de gobierno. A\u00f1orve Ba\u00f1os destac\u00f3 que el gobernador recibi\u00f3 el Estado en condiciones de ingobernabilidad pero que ese, precisamente, es el gran legado que deja a los guerrerenses: un estado gobernable.<\/p>\n<p style=\"text-align: justify;\">Sobre la militarizaci\u00f3n de la Guardia Nacional, A\u00f1orve Ba\u00f1os precis\u00f3 que no est\u00e1 de acuerdo en que el Ej\u00e9rcito, a quien le guarda un profundo respeto, se haga cargo de la Guardia Nacional, a la cual los legisladores federales le dieron el voto de confianza para que se hiciera cargo de bajar los \u00edndices de inseguridad en el pa\u00eds.<\/p>\n<p style=\"text-align: justify;\"><img loading=\"lazy\" decoding=\"async\" class=\"alignleft size-medium wp-image-1230206\" src=\"https:\/\/www.acapulco.press\/wp-content\/uploads\/2021\/06\/Manuel-Anorve4-375x281.jpg\" alt=\"\" width=\"375\" height=\"281\" \/>\u00abCuando le dimos el voto de confianza al Presidente fue para que la Guardia Nacional estuviera a cargo de un mando civil, no militar\u00bb, complement\u00f3 A\u00f1orve. \u00abEl Ej\u00e9rcito merece mi respeto, pero no estoy de acuerdo que al Ej\u00e9rcito se le de la Guardia Nacional; al Ej\u00e9rcito ya lo hicimos constructor, con el Aeropuerto de Santa Luc\u00eda; ya lo hicimos administrador portuario, ya lo hicimos administrador de aduanas, \u00bfy ahora le vamos a dar la Guardia Nacional?\u00bb, cuestion\u00f3 Manuel A\u00f1orve, para luego responder: \u00abLa Guardia Nacional es un instrumento para bajar \u00edndices de inseguridad, independiente. Adem\u00e1s, con la Guardia Nacional, salvaguardamos el derechos de los marinos y de los militares; quienes se incorporaron a la Guardia Nacional no perdieron su antig\u00fcedad, no perdireron su ascenso, no perdieron su salario, y <img loading=\"lazy\" decoding=\"async\" class=\"alignleft size-medium wp-image-1230207\" src=\"https:\/\/www.acapulco.press\/wp-content\/uploads\/2021\/06\/Manuel-Anorve5-375x281.jpg\" alt=\"\" width=\"375\" height=\"281\" \/>tienen el derecho de regresarse a su corporaci\u00f3n, el d\u00eda que ya no quieran estar en la Guardia Nacional, con su grado y su antig\u00fcedad.<\/p>\n<p style=\"text-align: justify;\">Respecto a la Reforma Energ\u00e9tica, el Senador A\u00f1orve detall\u00f3 que hace votos para que esta reforma tenga un apartado importante sobre energ\u00edas renovables, energ\u00edas verdes, para no volver a estar construyendo, como en los a\u00f1os 70, refiner\u00edas que no tienen ning\u00fan sentido. \u00a1Ah\u00ed est\u00e1 Dos Bocas! Se inunda cada vez que llueve. No nosotros no le estamos apostando a energ\u00edas renovables, sino a energ\u00edas verdes y nosotros queremos que en la reforma venga todo un gran apartado sobre este tipo de nerg\u00edas.<\/p>\n<p style=\"text-align: justify;\">En lo que se refiere a la iniciativa del INE, Manuel A\u00f1orve fue claro: \u00abHay mucha confusi\u00f3n, pero yo estoy de acuerdo en que el INE es perfectible; cualquier instituci\u00f3n puede renovarse, pero el INE es un instrumento de los ciudadanos mexicanos, no es de los partidos pol\u00edticos\u00bb.<\/p>\n<p style=\"text-align: justify;\">\u00abDespu\u00e9s de todo aqu\u00e9l debate del 88, en la \u00e9poca de Carlos Salinas, a\u00f1os inmediatos se tuve que construir un INE que en la elecci\u00f3n del 6 de junio vimos a los ciudadanos representando a los mexicanos como escrutadores, como presidentes de casilla, como secretarios, en una gran movilizaci\u00f3n nacional por la elecci\u00f3n concurrente en algunos estados, como Guerrero. Insisto, todo es perfectible, quiz\u00e1 disminuir el n\u00famero de consejeros, pero lo que no podemos es desaparecer los institutos locales, el Tribunal Electoral, el INE, por arte de magia, y crear un traje a la medida. Eso no lo podemos permitir\u00bb.<\/p>\n<p style=\"text-align: justify;\">\u00abYo doy el beneficio de la duda a la iniciativa que enviar\u00e1 el Presidente, pero no pueden desaparecer todos estos institutos; con todos los defectos que pudieran tener, lo ideal es mejorarlos, porque al final de cuentas son instituciones creadas por los mexicanos\u00bb, suscribi\u00f3 A\u00f1orve Ba\u00f1os, quien entre otras cosas anunci\u00f3 la comparencencia del titular de la Comisi\u00f3n Federal de Electricidad, Manuel Barttlet D\u00edaz, para que baje las tarifas de luz como en Tabasco, donde fue posible condonar cerca de 40 millones de pesos en adeudos de luz. Tambi\u00e9n mencion\u00f3 al secretario de Turismo, Miguel Torruco, porque el sector tur\u00edstico es letra muerta en el pa\u00eds, principalmente en aquellos estados que, como Guerrero, viven del turismo. Y finalmente, Marcelo Ebrard, para que explique rodo lo relacionado a las fallas que originaron el accidente en la L\u00ednea 12 del Metro.<\/p>\n<p style=\"text-align: justify;\">\n","protected":false},"excerpt":{"rendered":"<p>ACAPULCO, Gro. * 28 de junio de 2021. ) Aps. El Senador Manuel A\u00f1orve Ba\u00f1os, secretario de la Mesa Directiva del Congreso de la Uni\u00f3n, se pronunci\u00f3 en contra de la militarizaci\u00f3n de la Guardia Nacional, la Reforma Energ\u00e9tica y la desaparici\u00f3n del Instituto Nacional Electoral (INE). Previo al tema central de su conferencia de&#8230;<\/p>\n","protected":false},"author":2,"featured_media":1230203,"comment_status":"closed","ping_status":"closed","sticky":false,"template":"","format":"standard","meta":{"footnotes":""},"categories":[1972],"tags":[6374,9532,10133,12366,15396],"class_list":["post-1230202","post","type-post","status-publish","format-standard","has-post-thumbnail","hentry","category-special","tag-congreso-de-la-union","tag-guardia-nacional","tag-ine","tag-manuel-anorve-banos","tag-reforma-energetica"],"_links":{"self":[{"href":"https:\/\/www.acapulcopress.com\/index.php\/wp-json\/wp\/v2\/posts\/1230202","targetHints":{"allow":["GET"]}}],"collection":[{"href":"https:\/\/www.acapulcopress.com\/index.php\/wp-json\/wp\/v2\/posts"}],"about":[{"href":"https:\/\/www.acapulcopress.com\/index.php\/wp-json\/wp\/v2\/types\/post"}],"author":[{"embeddable":true,"href":"https:\/\/www.acapulcopress.com\/index.php\/wp-json\/wp\/v2\/users\/2"}],"replies":[{"embeddable":true,"href":"https:\/\/www.acapulcopress.com\/index.php\/wp-json\/wp\/v2\/comments?post=1230202"}],"version-history":[{"count":0,"href":"https:\/\/www.acapulcopress.com\/index.php\/wp-json\/wp\/v2\/posts\/1230202\/revisions"}],"wp:featuredmedia":[{"embeddable":true,"href":"https:\/\/www.acapulcopress.com\/index.php\/wp-json\/"}],"wp:attachment":[{"href":"https:\/\/www.acapulcopress.com\/index.php\/wp-json\/wp\/v2\/media?parent=1230202"}],"wp:term":[{"taxonomy":"category","embeddable":true,"href":"https:\/\/www.acapulcopress.com\/index.php\/wp-json\/wp\/v2\/categories?post=1230202"},{"taxonomy":"post_tag","embeddable":true,"href":"https:\/\/www.acapulcopress.com\/index.php\/wp-json\/wp\/v2\/tags?post=1230202"}],"curies":[{"name":"wp","href":"https:\/\/api.w.org\/{rel}","templated":true}]}}