{"id":1230216,"date":"2021-06-29T18:08:15","date_gmt":"2021-06-29T23:08:15","guid":{"rendered":"https:\/\/www.acapulco.press\/?p=1230216"},"modified":"2021-06-29T18:08:15","modified_gmt":"2021-06-29T23:08:15","slug":"fge-logran-sentencia-de-12-anos-contra-homicida-de-acapulco","status":"publish","type":"post","link":"https:\/\/www.acapulcopress.com\/index.php\/2021\/06\/29\/fge-logran-sentencia-de-12-anos-contra-homicida-de-acapulco\/","title":{"rendered":"FGE logran sentencia de 12 a\u00f1os contra homicida de Acapulco"},"content":{"rendered":"<p style=\"text-align: justify;\">ACAPULCO, Gro. * 29 de junio de 2021.<br \/>\n<em>) <a href=\"https:\/\/fiscaliaguerrero.gob.mx\" target=\"_blank\" rel=\"noopener\">https:\/\/fiscaliaguerrero.gob.mx<\/a>.<\/em><\/p>\n<p style=\"text-align: justify;\">El Ministerio P\u00fablico obtuvo la sentencia de 12 a\u00f1os de prisi\u00f3n en contra de Edilberto \u00abN\u00bb, como responsable del delito de homicidio simple en agravio de Roberto \u00abN\u00bb.<\/p>\n<p style=\"text-align: justify;\">Como lo se\u00f1ala la causa penal 179\/2013-II\/III el agraviado sali\u00f3 de su domicilio con su hermano para dirigirse a la tienda cuando se le acerc\u00f3 Edilberto \u00abN\u00bb, discutieron y lo lesion\u00f3 por la espalda con objeto punzocortante que ocasion\u00f3 perdiera la vida.<\/p>\n<p style=\"text-align: justify;\">Por lo anterior, el Ministerio P\u00fablico acredit\u00f3 el delito y obtuvo de un juez penal de Acapulco la sentencia de 12 a\u00f1os de prisi\u00f3n en contra de Edilberto \u00abN\u00bb como culpable y penalmente responsable del delito de homicidio simple; tendr\u00e1 que pagar por la reparaci\u00f3n del da\u00f1o y queda interno para purgar su condena en el Centro de Reinserci\u00f3n Social de Acapulco.<\/p>\n","protected":false},"excerpt":{"rendered":"<p>ACAPULCO, Gro. * 29 de junio de 2021. ) https:\/\/fiscaliaguerrero.gob.mx. El Ministerio P\u00fablico obtuvo la sentencia de 12 a\u00f1os de prisi\u00f3n en contra de Edilberto \u00abN\u00bb, como responsable del delito de homicidio simple en agravio de Roberto \u00abN\u00bb. Como lo se\u00f1ala la causa penal 179\/2013-II\/III el agraviado sali\u00f3 de su domicilio con su hermano para&#8230;<\/p>\n","protected":false},"author":2,"featured_media":1203771,"comment_status":"closed","ping_status":"closed","sticky":false,"template":"","format":"standard","meta":{"footnotes":""},"categories":[1969,2005],"tags":[8699,10946,14736],"class_list":["post-1230216","post","type-post","status-publish","format-standard","has-post-thumbnail","hentry","category-trending","category-seguridad-y-justicia","tag-fiscalia-general-del-estado-de-guererro-fge","tag-jorge-zuriel-de-los-santos-barrila","tag-policia-ministerial-de-guererro"],"_links":{"self":[{"href":"https:\/\/www.acapulcopress.com\/index.php\/wp-json\/wp\/v2\/posts\/1230216","targetHints":{"allow":["GET"]}}],"collection":[{"href":"https:\/\/www.acapulcopress.com\/index.php\/wp-json\/wp\/v2\/posts"}],"about":[{"href":"https:\/\/www.acapulcopress.com\/index.php\/wp-json\/wp\/v2\/types\/post"}],"author":[{"embeddable":true,"href":"https:\/\/www.acapulcopress.com\/index.php\/wp-json\/wp\/v2\/users\/2"}],"replies":[{"embeddable":true,"href":"https:\/\/www.acapulcopress.com\/index.php\/wp-json\/wp\/v2\/comments?post=1230216"}],"version-history":[{"count":0,"href":"https:\/\/www.acapulcopress.com\/index.php\/wp-json\/wp\/v2\/posts\/1230216\/revisions"}],"wp:featuredmedia":[{"embeddable":true,"href":"https:\/\/www.acapulcopress.com\/index.php\/wp-json\/"}],"wp:attachment":[{"href":"https:\/\/www.acapulcopress.com\/index.php\/wp-json\/wp\/v2\/media?parent=1230216"}],"wp:term":[{"taxonomy":"category","embeddable":true,"href":"https:\/\/www.acapulcopress.com\/index.php\/wp-json\/wp\/v2\/categories?post=1230216"},{"taxonomy":"post_tag","embeddable":true,"href":"https:\/\/www.acapulcopress.com\/index.php\/wp-json\/wp\/v2\/tags?post=1230216"}],"curies":[{"name":"wp","href":"https:\/\/api.w.org\/{rel}","templated":true}]}}