{"id":1230222,"date":"2021-06-29T18:21:46","date_gmt":"2021-06-29T23:21:46","guid":{"rendered":"https:\/\/www.acapulco.press\/?p=1230222"},"modified":"2021-06-29T18:21:46","modified_gmt":"2021-06-29T23:21:46","slug":"presidente-garantiza-abasto-de-medicamentos-oncologicos","status":"publish","type":"post","link":"https:\/\/www.acapulcopress.com\/index.php\/2021\/06\/29\/presidente-garantiza-abasto-de-medicamentos-oncologicos\/","title":{"rendered":"Presidente garantiza abasto de medicamentos oncol\u00f3gicos"},"content":{"rendered":"<p style=\"text-align: justify;\">PALACIO NACIONAL. * 29 de junio de 2021.<br \/>\n<em>) Gobierno de M\u00e9xico.<\/em><\/p>\n<p style=\"text-align: justify;\">El presidente Andr\u00e9s Manuel L\u00f3pez Obrador asegur\u00f3 que se est\u00e1 regularizando el abasto de medicamentos \u201ccada vez mejor y para bien del derechohabiente y de los mexicanos en general, tengan seguro o no tengan seguro, porque se va a garantizar el derecho a la salud\u201d.<\/p>\n<p style=\"text-align: justify;\"><img loading=\"lazy\" decoding=\"async\" class=\"alignleft size-medium wp-image-1230224\" src=\"https:\/\/www.acapulco.press\/wp-content\/uploads\/2021\/06\/PRESIDENTE-AMLO2-375x231.jpg\" alt=\"\" width=\"375\" height=\"231\" \/>En conferencia de prensa matutina adelant\u00f3 que la pr\u00f3xima semana presentar\u00e1 un informe de las compras consolidadas que se realizan en el exterior del pa\u00eds con el acompa\u00f1amiento de la Oficina de las Naciones Unidas de Servicios para Proyectos.<\/p>\n<p style=\"text-align: justify;\">\u201cEl derecho a la salud debe de garantizarse m\u00e1s all\u00e1 de las diferencias pol\u00edticas, ideol\u00f3gicas, de las naciones y de los gobiernos. Es un derecho universal\u201d, enfatiz\u00f3.<\/p>\n<p style=\"text-align: justify;\">El jefe del Ejecutivo se comprometi\u00f3 con las madres y padres de ni\u00f1as y ni\u00f1os con c\u00e1ncer a asegurar el abasto en el pa\u00eds \u201cenfrentando todos los obst\u00e1culos. Vamos a cumplir; estamos haciendo gestiones especiales\u201d.<\/p>\n<p style=\"text-align: justify;\">Como parte de las gestiones, la embajadora de M\u00e9xico en Jap\u00f3n, Melba Mar\u00eda Pr\u00eda Olavarrieta, logr\u00f3 que un laboratorio elabore uno de los medicamentos que se requieren en M\u00e9xico para el tratamiento de c\u00e1ncer infantil.<\/p>\n<p style=\"text-align: justify;\">\u201cLa Secretar\u00eda de Relaciones Exteriores, la Secretar\u00eda de Hacienda, la Secretar\u00eda de Salud, estamos en eso y vamos a seguir, es nuestra responsabilidad\u201d, apunt\u00f3.<\/p>\n<p style=\"text-align: justify;\">Participaron en el di\u00e1logo con representantes de los medios de comunicaci\u00f3n, la secretaria de Seguridad y Protecci\u00f3n Ciudadana, Rosa Icela Rodr\u00edguez y los secretarios de Salud, Jorge Alcocer Varela; de la Defensa Nacional, Luis Cresencio Sandoval y de Marina, Jos\u00e9 Rafael Ojeda Dur\u00e1n, as\u00ed como el subsecretario de Prevenci\u00f3n y Promoci\u00f3n de la Salud, Hugo L\u00f3pez-Gatell Ram\u00edrez.<\/p>\n","protected":false},"excerpt":{"rendered":"<p>PALACIO NACIONAL. * 29 de junio de 2021. ) Gobierno de M\u00e9xico. El presidente Andr\u00e9s Manuel L\u00f3pez Obrador asegur\u00f3 que se est\u00e1 regularizando el abasto de medicamentos \u201ccada vez mejor y para bien del derechohabiente y de los mexicanos en general, tengan seguro o no tengan seguro, porque se va a garantizar el derecho a&#8230;<\/p>\n","protected":false},"author":2,"featured_media":1230223,"comment_status":"closed","ping_status":"closed","sticky":false,"template":"","format":"standard","meta":{"footnotes":""},"categories":[18573,18561],"tags":[3793,3896,9332,14174],"class_list":["post-1230222","post","type-post","status-publish","format-standard","has-post-thumbnail","hentry","category-goverment","category-society-politics","tag-amlo","tag-andres-manuel-lopez-obrador","tag-gobiero-de-mexico","tag-palacio-nacional"],"_links":{"self":[{"href":"https:\/\/www.acapulcopress.com\/index.php\/wp-json\/wp\/v2\/posts\/1230222","targetHints":{"allow":["GET"]}}],"collection":[{"href":"https:\/\/www.acapulcopress.com\/index.php\/wp-json\/wp\/v2\/posts"}],"about":[{"href":"https:\/\/www.acapulcopress.com\/index.php\/wp-json\/wp\/v2\/types\/post"}],"author":[{"embeddable":true,"href":"https:\/\/www.acapulcopress.com\/index.php\/wp-json\/wp\/v2\/users\/2"}],"replies":[{"embeddable":true,"href":"https:\/\/www.acapulcopress.com\/index.php\/wp-json\/wp\/v2\/comments?post=1230222"}],"version-history":[{"count":0,"href":"https:\/\/www.acapulcopress.com\/index.php\/wp-json\/wp\/v2\/posts\/1230222\/revisions"}],"wp:featuredmedia":[{"embeddable":true,"href":"https:\/\/www.acapulcopress.com\/index.php\/wp-json\/"}],"wp:attachment":[{"href":"https:\/\/www.acapulcopress.com\/index.php\/wp-json\/wp\/v2\/media?parent=1230222"}],"wp:term":[{"taxonomy":"category","embeddable":true,"href":"https:\/\/www.acapulcopress.com\/index.php\/wp-json\/wp\/v2\/categories?post=1230222"},{"taxonomy":"post_tag","embeddable":true,"href":"https:\/\/www.acapulcopress.com\/index.php\/wp-json\/wp\/v2\/tags?post=1230222"}],"curies":[{"name":"wp","href":"https:\/\/api.w.org\/{rel}","templated":true}]}}