{"id":1230236,"date":"2021-06-29T19:15:40","date_gmt":"2021-06-30T00:15:40","guid":{"rendered":"https:\/\/www.acapulco.press\/?p=1230236"},"modified":"2021-06-29T19:15:40","modified_gmt":"2021-06-30T00:15:40","slug":"detectan-dos-casos-de-variante-alfa-del-coronavirus-en-oaxaca","status":"publish","type":"post","link":"https:\/\/www.acapulcopress.com\/index.php\/2021\/06\/29\/detectan-dos-casos-de-variante-alfa-del-coronavirus-en-oaxaca\/","title":{"rendered":"Detectan dos casos de &#8216;variante Alfa&#8217; del coronavirus en Oaxaca"},"content":{"rendered":"<p style=\"text-align: justify;\">OAXACA. * 29 de junio de 2021.<br \/>\n<em>) <a href=\"https:\/\/www.proceso.com.mx\/nacional\/2021\/6\/29\/detectan-dos-casos-de-la-variante-alfa-del-coronavirus-en-oaxaca-266826.html\" target=\"_blank\" rel=\"noopener\">Apro<\/a>.<\/em><\/p>\n<p style=\"text-align: justify;\">Los Servicios de Salud de Oaxaca (SSO) confirmaron dos casos de la variante B.1.1.7 o Alfa del virus SARS-CoV-2, uno en Juchit\u00e1n el Istmo de Tehuantepec y otro en Santa Luc\u00eda del Camino, en Valles Centrales, la cual tiene la capacidad de transmitirse m\u00e1s f\u00e1cilmente.<\/p>\n<p style=\"text-align: justify;\">La jefa de la Unidad de Epidemiolog\u00eda de los SSO, Yuko Nakamura L\u00f3pez, reconoci\u00f3 que ya se han identificado 10 variantes del covid-19 en la entidad, de las cuales la B.1.1.519 es la com\u00fan tanto en M\u00e9xico como en la entidad, ya que el 45% de las muestras realizadas a pacientes la present\u00f3.<\/p>\n<p style=\"text-align: justify;\">Dijo que recientemente fue reconocida en las regiones de la Costa, Valles Centrales e Istmo de Tehuantepec la variante B.1.1.7, que es m\u00e1s transmisible, pero no m\u00e1s letal, de ah\u00ed que las personas deben continuar con las medidas y protocolos sanitarios contra del covid-19, pues solo as\u00ed se frenar\u00e1 la cadena de contagios, hospitalizaciones, casos activos y defunciones.<\/p>\n<p style=\"text-align: justify;\">Detall\u00f3 que hasta la semana epidemiol\u00f3gica n\u00famero 25 \u2013del 20 al 26 de junio\u2013 se tiene el registro de las siguientes variantes en Oaxaca: la B.1.1.519, B.1, B.1.2, B.1.1.432, B.1.301, B.1.1.222, B.1.427, B.1.429, P.1 y B.1.1.7, todas sujetas a vigilancia epid\u00e9mica.<\/p>\n<p style=\"text-align: justify;\">El caso m\u00e1s reciente de la variante B.1.1.7, antes conocida como brit\u00e1nica, se confirm\u00f3 mediante laboratorio.<\/p>\n<p style=\"text-align: justify;\">Sin embargo, la servidora p\u00fablica aclar\u00f3 \u201cque no se les da nombre de pa\u00edses a las variantes que encontramos en el mundo porque tienen un nombre por nomenclatura y en este caso es el B.1.1.7, que la Organizaci\u00f3n Mundial de la Salud (OMS) les ha dado nombres con letras griegas y en este caso es el B.1.1.7 o Alfa. Ya no se les da nombre con el pa\u00eds que se les describi\u00f3, ya que puede causar discriminaci\u00f3n\u201d.<\/p>\n<p style=\"text-align: justify;\">Mencion\u00f3 que primero se detect\u00f3 esa variante en pacientes extranjeros en San Pedro Mixtepec y ahora otro en Juchit\u00e1n y Santa Luc\u00eda del Camino, pero afortunadamente ninguno ha sido mortal.<\/p>\n<p style=\"text-align: justify;\">En este sentido, hasta el momento no existen evidencias que permitan inferir que las vacunas existentes no protegen contra las variantes del virus SARS-CoV-2, que ocasiona la enfermedad por covid-19, tal y como lo se\u00f1ala la Organizaci\u00f3n Panamericana de la Salud (OPS).<\/p>\n<p style=\"text-align: justify;\">Considera que Oaxaca, al ser un estado altamente tur\u00edstico y con un flujo constante de migrantes que llegan a las localidades provenientes principalmente del extranjero, ha ocasionado que el n\u00famero de variantes se incrementen principalmente en demarcaciones como Oaxaca de Ju\u00e1rez, Santa Luc\u00eda del Camino, Juchit\u00e1n y San Pedro Mixtepec.<\/p>\n<p style=\"text-align: justify;\">Destac\u00f3 adem\u00e1s que, a casi cuatro meses de que inici\u00f3 el Programa Nacional de Vacunaci\u00f3n contra covid-19 en M\u00e9xico, se logr\u00f3 que la incidencia de casos disminuyera en un 85% en promedio, respecto al pico m\u00e1s alto de pacientes reportados en el mes de enero del presente a\u00f1o.<\/p>\n<p style=\"text-align: justify;\">Asimismo, derivado del trabajo en equipo de los tres \u00f3rdenes de gobierno y la aceptaci\u00f3n de las vacunas por la poblaci\u00f3n, actualmente el porcentaje de hospitalizaci\u00f3n disminuy\u00f3 considerablemente, al reportar menos del 20% en la \u00faltima semana; actualmente, Oaxaca se ubica en el lugar n\u00famero 17 en la tabla nacional por el n\u00famero de casos y 21 en defunciones a causa de la pandemia.<\/p>\n<p style=\"text-align: justify;\">Sin embargo, ante el repunte de casos en el Istmo de Tehuantepec, los municipios de Salina Cruz y Santo Domingo Ingenio se han declarado en sem\u00e1foro rojo y han decidido el cierre de negocios no esenciales, no permitir\u00e1 la instalaci\u00f3n de vendedores ambulantes en las calles de la ciudad y los mercados continuar\u00e1n abiertos, con un aforo permitido de un 50 por ciento.<\/p>\n","protected":false},"excerpt":{"rendered":"<p>OAXACA. * 29 de junio de 2021. ) Apro. Los Servicios de Salud de Oaxaca (SSO) confirmaron dos casos de la variante B.1.1.7 o Alfa del virus SARS-CoV-2, uno en Juchit\u00e1n el Istmo de Tehuantepec y otro en Santa Luc\u00eda del Camino, en Valles Centrales, la cual tiene la capacidad de transmitirse m\u00e1s f\u00e1cilmente. La&#8230;<\/p>\n","protected":false},"author":2,"featured_media":1230237,"comment_status":"closed","ping_status":"closed","sticky":false,"template":"","format":"standard","meta":{"footnotes":""},"categories":[1969,1989],"tags":[6705,16069,16553,17766],"class_list":["post-1230236","post","type-post","status-publish","format-standard","has-post-thumbnail","hentry","category-trending","category-noticias-generales","tag-covid19","tag-sars-cov-2","tag-servicios-de-salud-de-oaxaca-sso","tag-variante-b-1-1-7"],"_links":{"self":[{"href":"https:\/\/www.acapulcopress.com\/index.php\/wp-json\/wp\/v2\/posts\/1230236","targetHints":{"allow":["GET"]}}],"collection":[{"href":"https:\/\/www.acapulcopress.com\/index.php\/wp-json\/wp\/v2\/posts"}],"about":[{"href":"https:\/\/www.acapulcopress.com\/index.php\/wp-json\/wp\/v2\/types\/post"}],"author":[{"embeddable":true,"href":"https:\/\/www.acapulcopress.com\/index.php\/wp-json\/wp\/v2\/users\/2"}],"replies":[{"embeddable":true,"href":"https:\/\/www.acapulcopress.com\/index.php\/wp-json\/wp\/v2\/comments?post=1230236"}],"version-history":[{"count":0,"href":"https:\/\/www.acapulcopress.com\/index.php\/wp-json\/wp\/v2\/posts\/1230236\/revisions"}],"wp:featuredmedia":[{"embeddable":true,"href":"https:\/\/www.acapulcopress.com\/index.php\/wp-json\/"}],"wp:attachment":[{"href":"https:\/\/www.acapulcopress.com\/index.php\/wp-json\/wp\/v2\/media?parent=1230236"}],"wp:term":[{"taxonomy":"category","embeddable":true,"href":"https:\/\/www.acapulcopress.com\/index.php\/wp-json\/wp\/v2\/categories?post=1230236"},{"taxonomy":"post_tag","embeddable":true,"href":"https:\/\/www.acapulcopress.com\/index.php\/wp-json\/wp\/v2\/tags?post=1230236"}],"curies":[{"name":"wp","href":"https:\/\/api.w.org\/{rel}","templated":true}]}}