{"id":1230249,"date":"2021-06-29T19:53:37","date_gmt":"2021-06-30T00:53:37","guid":{"rendered":"https:\/\/www.acapulco.press\/?p=1230249"},"modified":"2021-06-29T19:53:37","modified_gmt":"2021-06-30T00:53:37","slug":"estoy-muy-motivada-para-hacer-un-buen-papel-en-tokio-rut-castillo","status":"publish","type":"post","link":"https:\/\/www.acapulcopress.com\/index.php\/2021\/06\/29\/estoy-muy-motivada-para-hacer-un-buen-papel-en-tokio-rut-castillo\/","title":{"rendered":"Estoy muy motivada para hacer buen papel en Tokio | Rut Castillo"},"content":{"rendered":"<p style=\"text-align: justify;\">CIUDAD DE M\u00c9XICO. * 29 de junio de 2021.<br \/>\n<em>) Conade.<\/em><\/p>\n<p style=\"text-align: justify;\">Motivada y con la emoci\u00f3n de debutar en los Juegos Ol\u00edmpicos de Tokio, Jap\u00f3n, es como se declara la gimnasta Rut Castillo Galindo, quien hace unos d\u00edas logr\u00f3 su clasificaci\u00f3n a la m\u00e1xima justa deportiva al obtener el primer lugar del<em> all around<\/em> en el Campeonato Panamericano de Gimnasia R\u00edtmica, que se realiz\u00f3 en Brasil.<\/p>\n<p style=\"text-align: justify;\">\u201cMe siento muy honrada y orgullosa de ser yo qui\u00e9n represente este hecho hist\u00f3rico para nuestro pa\u00eds y para mi deporte; estoy muy contenta y motivada para hacer un buen papel en Tokio 2020\u201d, asegur\u00f3.<\/p>\n<p style=\"text-align: justify;\">Castillo Galindo, comparti\u00f3 a la Comisi\u00f3n Nacional de Cultura F\u00edsica y Deporte (Conade) que la plaza a Tokio 2020 signific\u00f3 \u201cel momento m\u00e1s importante y m\u00e1s feliz de su vida\u201d, pues, dijo, tuvo que esperar 20 a\u00f1os para que el sue\u00f1o ol\u00edmpico se cumpliera.<\/p>\n<p style=\"text-align: justify;\">\u201cEra algo que yo siempre hab\u00eda querido en mi carrera profesional como gimnasta, lo siento como un logro de vida, para m\u00ed es el momento m\u00e1s importante y feliz de mi vida, hasta ahora, porque hice algo con lo que so\u00f1\u00e9 mucho, con lo que aspiraba, llevo 20 a\u00f1os en la gimnasia\u201d, expres\u00f3.<\/p>\n<p style=\"text-align: justify;\">La jalisciense espera que esta plaza hist\u00f3rica que se consigui\u00f3 en la justa continental sirva de motivaci\u00f3n para las nuevas generaciones de la gimnasia r\u00edtmica, as\u00ed como un impulso para que este deporte tenga mayor proyecci\u00f3n a nivel internacional.<\/p>\n<p style=\"text-align: justify;\">\u201cQue se vea a M\u00e9xico en unos ol\u00edmpicos por primera vez, en gimnasia r\u00edtmica, puede resaltar mi deporte; servir de ejemplo para todas esas ni\u00f1as que a lo mejor tienen este sue\u00f1o ol\u00edmpico, y que vean que yo ya lo pude cumplir, pueda servir de inspiraci\u00f3n y motivaci\u00f3n\u201d, destac\u00f3.<\/p>\n<p style=\"text-align: justify;\">Luego del complicado a\u00f1o que fue 2020, debido a la pandemia por el virus SARS-CoV-2 (covid-19), la gimnasta tuvo que superar algunos obst\u00e1culos, entre ellos la desilusi\u00f3n por la posible cancelaci\u00f3n de los Juegos Ol\u00edmpicos y el quedarse sin entrenadora, hecho que la hizo pensar en el retiro.<\/p>\n<p style=\"text-align: justify;\">\u201cTuve muchos momentos donde perd\u00ed la motivaci\u00f3n durante la pandemia, yo dec\u00eda: ya no voy a seguir porque por un lado dec\u00edan que ya no se har\u00edan los juegos y por otro nos quedamos sin entrenadora; pero hoy agradezco el no haber tirado la toalla, esa perseverancia y esa resiliencia de saber que se puede seguir adelante y no renunciar a los sue\u00f1os, nunca\u201d, dijo.<\/p>\n<p style=\"text-align: justify;\">Para lo que ser\u00e1 su debut en Tokio 2020, la seleccionada adelant\u00f3 que presentar\u00e1 las mismas rutinas que ejecut\u00f3 en el evento continental de Brasil, sin embargo, al lado de sus entrenadoras realizar\u00e1 algunos ajustes.<\/p>\n<p style=\"text-align: justify;\">\u201cLas rutinas van a ser las mismas, porque estamos a nada de Tokio y no tiene caso moverlas, si acaso solo ajustaremos elementos muy peque\u00f1os, pero ser\u00e1n las mismas; lo \u00fanico que cambiar\u00e9 ser\u00e1 un traje en la rutina de list\u00f3n para que haga m\u00e1s armon\u00eda con la m\u00fasica, pero la preparaci\u00f3n ser\u00e1 la misma\u201d.<\/p>\n<p style=\"text-align: justify;\">Como parte de su preparaci\u00f3n a los Juegos Ol\u00edmpicos, que iniciar\u00e1n en 23 d\u00edas, Castillo Galindo contempla asistir al Grand Prix que se realizar\u00e1 en Israel.<\/p>\n<p style=\"text-align: justify;\">\u201cEstamos viendo la posibilidad de ir a una competencia antes de Tokio, para fogueo y presentar una vez m\u00e1s antes de los ol\u00edmpicos, esto ser\u00eda el 17 y 18 de julio, y pr\u00e1cticamente regresando de ese evento quedar\u00eda una semana y media de seguir entrenando en el CNAR y viajar\u00eda a Jap\u00f3n, porque mi disciplina es en las \u00faltimas fechas de los juegos\u201d, expres\u00f3.<\/p>\n<p style=\"text-align: justify;\">La gimnasia r\u00edtmica de los Juegos Ol\u00edmpicos ver\u00e1 acci\u00f3n del 6 al 8 de agosto, en el Centro de Gimnasia Ariake, escenario donde Rut Castillo buscar\u00e1 hacer historia y clasificar a las finales del <em>all around<\/em> individual.<\/p>\n","protected":false},"excerpt":{"rendered":"<p>CIUDAD DE M\u00c9XICO. * 29 de junio de 2021. ) Conade. Motivada y con la emoci\u00f3n de debutar en los Juegos Ol\u00edmpicos de Tokio, Jap\u00f3n, es como se declara la gimnasta Rut Castillo Galindo, quien hace unos d\u00edas logr\u00f3 su clasificaci\u00f3n a la m\u00e1xima justa deportiva al obtener el primer lugar del all around en&#8230;<\/p>\n","protected":false},"author":2,"featured_media":1230250,"comment_status":"closed","ping_status":"closed","sticky":false,"template":"","format":"standard","meta":{"footnotes":""},"categories":[2054,1972,1988,18566],"tags":[5508,6169,6284,9208,11276,15884,16070],"class_list":["post-1230249","post","type-post","status-publish","format-standard","has-post-thumbnail","hentry","category-entertainment","category-special","category-lifestyles","category-sports-lifestyles","tag-centro-de-gimnasia-ariake","tag-comision-nacional-de-cultura-fisica-y-deporte-conade","tag-conade","tag-gimnasia-ritmica","tag-juegos-olimpicos-de-tokio","tag-rut-castillo-galindo","tag-sars-cov-2-covid-19"],"_links":{"self":[{"href":"https:\/\/www.acapulcopress.com\/index.php\/wp-json\/wp\/v2\/posts\/1230249","targetHints":{"allow":["GET"]}}],"collection":[{"href":"https:\/\/www.acapulcopress.com\/index.php\/wp-json\/wp\/v2\/posts"}],"about":[{"href":"https:\/\/www.acapulcopress.com\/index.php\/wp-json\/wp\/v2\/types\/post"}],"author":[{"embeddable":true,"href":"https:\/\/www.acapulcopress.com\/index.php\/wp-json\/wp\/v2\/users\/2"}],"replies":[{"embeddable":true,"href":"https:\/\/www.acapulcopress.com\/index.php\/wp-json\/wp\/v2\/comments?post=1230249"}],"version-history":[{"count":0,"href":"https:\/\/www.acapulcopress.com\/index.php\/wp-json\/wp\/v2\/posts\/1230249\/revisions"}],"wp:featuredmedia":[{"embeddable":true,"href":"https:\/\/www.acapulcopress.com\/index.php\/wp-json\/"}],"wp:attachment":[{"href":"https:\/\/www.acapulcopress.com\/index.php\/wp-json\/wp\/v2\/media?parent=1230249"}],"wp:term":[{"taxonomy":"category","embeddable":true,"href":"https:\/\/www.acapulcopress.com\/index.php\/wp-json\/wp\/v2\/categories?post=1230249"},{"taxonomy":"post_tag","embeddable":true,"href":"https:\/\/www.acapulcopress.com\/index.php\/wp-json\/wp\/v2\/tags?post=1230249"}],"curies":[{"name":"wp","href":"https:\/\/api.w.org\/{rel}","templated":true}]}}