{"id":1230265,"date":"2021-06-29T20:46:40","date_gmt":"2021-06-30T01:46:40","guid":{"rendered":"https:\/\/www.acapulco.press\/?p=1230265"},"modified":"2021-06-29T20:46:40","modified_gmt":"2021-06-30T01:46:40","slug":"amlo-sopesa-someter-a-consulta-legalizacion-de-la-marihuana","status":"publish","type":"post","link":"https:\/\/www.acapulcopress.com\/index.php\/2021\/06\/29\/amlo-sopesa-someter-a-consulta-legalizacion-de-la-marihuana\/","title":{"rendered":"AMLO sopesa someter a consulta legalizaci\u00f3n de la marihuana"},"content":{"rendered":"<p style=\"text-align: justify;\">CIUDAD DE M\u00c9XICO. * 29 de junio de 2021.<br \/>\n<em>) <a href=\"https:\/\/apnews.com\/article\/noticias-630a7af76ee6a8201da131648ecb6d21\" target=\"_blank\" rel=\"noopener\">AP<\/a>.<\/em><br \/>\nAunque el debate para la legalizaci\u00f3n de la marihuana en M\u00e9xico se impuls\u00f3 con la llegada al poder del gobierno del presidente Andr\u00e9s Manuel L\u00f3pez Obrador, en diciembre de 2018, el mandatario se mostr\u00f3 el martes reticente ante los avances que se han dado en el pa\u00eds hacia ese objetivo.<\/p>\n<p style=\"text-align: justify;\">El gobernante expres\u00f3 dudas sobre si ser\u00e1 positiva para la sociedad la decisi\u00f3n tomada la v\u00edspera por la Suprema Corte de Justicia de la Naci\u00f3n, que elimin\u00f3, por inconstitucional, la prohibici\u00f3n del uso de la marihuana con fines l\u00fadicos y que dej\u00f3 en manos de la Secretar\u00eda de Salud la emisi\u00f3n de permisos para el autoconsumo de cannabis con fines recreativos.<\/p>\n<p style=\"text-align: justify;\">Dijo que respetar\u00e1 la resoluci\u00f3n judicial pero tambi\u00e9n indic\u00f3 que el gobierno analizar\u00e1 los efectos \u201cen la pr\u00e1ctica\u201d de ese pronunciamiento y \u201csi vemos que en vez de ayudar perjudica, pues, plantear\u00edamos nosotros un cambio, enviar\u00eda, de acuerdo a mis facultades, una iniciativa de ley\u201d.<\/p>\n<p style=\"text-align: justify;\">L\u00f3pez Obrador tambi\u00e9n se mostr\u00f3 en contra de tener un mercado legal de esa droga, parte clave de la propuesta de ley aprobada por la C\u00e1mara de Diputados y que est\u00e1 estancada desde marzo en el Senado.<\/p>\n<p style=\"text-align: justify;\">El mandatario no se refiri\u00f3 en ning\u00fan momento a esa iniciativa presentada por su propio partido aunque sin consenso interno, y sugiri\u00f3 que el tema podr\u00eda ser objeto de una consulta popular. Reconoci\u00f3, adem\u00e1s, que tampoco hay acuerdo en el seno del ejecutivo aunque el gabinete de seguridad debati\u00f3 el asunto.<\/p>\n<p style=\"text-align: justify;\">\u201cNo hubo consenso porque hay dos visiones, como en el pa\u00eds (y) se decidi\u00f3 no intervenir\u201d, dijo en su conferencia diaria matutina. Aclar\u00f3 que sus peticiones sobre el tema son claras: que no se da\u00f1e la salud, que una eventual regularizaci\u00f3n del uso de la marihuana signifique una disminuci\u00f3n de la violencia, que se respete la libertad de los ciudadanos y que no se permita el negocio.<\/p>\n<p style=\"text-align: justify;\">\u201cHay muchos que est\u00e1n pensando en el negocio y que plantean que con esto se van a obtener impuestos(&#8230;) eso hasta me molesta\u201d, se\u00f1al\u00f3. \u201cNo se puede traficar con la salud del pueblo. Es inmoral\u201d.<\/p>\n<p style=\"text-align: justify;\">El presidente dijo que hab\u00eda que esperar a que la Corte resolviera sobre el tema pero el alto tribunal concedi\u00f3 el primer amparo a favor del consumo de cannabis con fines recreativos en 2015 y lleva desde 2019 exigiendo al Congreso que legisle.<\/p>\n<p style=\"text-align: justify;\">La actual decisi\u00f3n judicial actual no implica que el cannabis ya sea legal. Lo que cambia es que cualquier adulto podr\u00e1 pedir un permiso para consumirlo con fines recreativos en lugar de tener que litigar a trav\u00e9s de juicios de amparo.<\/p>\n<p style=\"text-align: justify;\">M\u00e9xico autoriz\u00f3 el uso medicinal de la marihuana en 2017.<\/p>\n","protected":false},"excerpt":{"rendered":"<p>CIUDAD DE M\u00c9XICO. * 29 de junio de 2021. ) AP. Aunque el debate para la legalizaci\u00f3n de la marihuana en M\u00e9xico se impuls\u00f3 con la llegada al poder del gobierno del presidente Andr\u00e9s Manuel L\u00f3pez Obrador, en diciembre de 2018, el mandatario se mostr\u00f3 el martes reticente ante los avances que se han dado&#8230;<\/p>\n","protected":false},"author":2,"featured_media":1230266,"comment_status":"closed","ping_status":"closed","sticky":false,"template":"","format":"standard","meta":{"footnotes":""},"categories":[18578,1969,1972,1989],"tags":[],"class_list":["post-1230265","post","type-post","status-publish","format-standard","has-post-thumbnail","hentry","category-activismo","category-trending","category-special","category-noticias-generales"],"_links":{"self":[{"href":"https:\/\/www.acapulcopress.com\/index.php\/wp-json\/wp\/v2\/posts\/1230265","targetHints":{"allow":["GET"]}}],"collection":[{"href":"https:\/\/www.acapulcopress.com\/index.php\/wp-json\/wp\/v2\/posts"}],"about":[{"href":"https:\/\/www.acapulcopress.com\/index.php\/wp-json\/wp\/v2\/types\/post"}],"author":[{"embeddable":true,"href":"https:\/\/www.acapulcopress.com\/index.php\/wp-json\/wp\/v2\/users\/2"}],"replies":[{"embeddable":true,"href":"https:\/\/www.acapulcopress.com\/index.php\/wp-json\/wp\/v2\/comments?post=1230265"}],"version-history":[{"count":0,"href":"https:\/\/www.acapulcopress.com\/index.php\/wp-json\/wp\/v2\/posts\/1230265\/revisions"}],"wp:featuredmedia":[{"embeddable":true,"href":"https:\/\/www.acapulcopress.com\/index.php\/wp-json\/"}],"wp:attachment":[{"href":"https:\/\/www.acapulcopress.com\/index.php\/wp-json\/wp\/v2\/media?parent=1230265"}],"wp:term":[{"taxonomy":"category","embeddable":true,"href":"https:\/\/www.acapulcopress.com\/index.php\/wp-json\/wp\/v2\/categories?post=1230265"},{"taxonomy":"post_tag","embeddable":true,"href":"https:\/\/www.acapulcopress.com\/index.php\/wp-json\/wp\/v2\/tags?post=1230265"}],"curies":[{"name":"wp","href":"https:\/\/api.w.org\/{rel}","templated":true}]}}