{"id":1230271,"date":"2021-06-29T21:02:21","date_gmt":"2021-06-30T02:02:21","guid":{"rendered":"https:\/\/www.acapulco.press\/?p=1230271"},"modified":"2021-06-29T21:02:21","modified_gmt":"2021-06-30T02:02:21","slug":"un-paso-mas-en-la-militarizacion-fuera-mascaras","status":"publish","type":"post","link":"https:\/\/www.acapulcopress.com\/index.php\/2021\/06\/29\/un-paso-mas-en-la-militarizacion-fuera-mascaras\/","title":{"rendered":"Un paso m\u00e1s en la militarizaci\u00f3n | fuera m\u00e1scaras"},"content":{"rendered":"<p style=\"text-align: justify;\"><em>Las promesas de campa\u00f1a de L\u00f3pez Obrador vislumbraban la intenci\u00f3n del retorno paulatino de los militares a los cuarteles, a fin de que la seguridad p\u00fablica quedara en manos de fuerzas civiles. Todo ello se convirti\u00f3 en una esperanza vac\u00eda cuando se impuls\u00f3 la creaci\u00f3n de la Guardia Nacional.<\/em><\/p>\n<p style=\"text-align: justify;\">\u00bb <strong>Ana Lorena Delgadillo P\u00e9rez<\/strong> y <strong>Eduardo Rojas Valdez<\/strong><br \/>\n<em>] <a href=\"https:\/\/www.proceso.com.mx\/opinion\/2021\/6\/29\/un-paso-mas-en-la-militarizacion-fuera-mascaras-266805.html\" target=\"_blank\" rel=\"noopener\">Apro<\/a>.<\/em><\/p>\n<p style=\"text-align: justify;\">\u00bfQu\u00e9 puede llevar a un pa\u00eds a ampliar cada vez m\u00e1s las facultades de las fuerzas armadas? \u00bfCu\u00e1l es el mensaje que manda a sus ciudadanos y ciudadanas y al resto del mundo? Son preguntas que nos hacemos millones de mexicanos y mexicanas, y cuyas respuestas el gobierno a\u00fan no logra concretar sin generar m\u00e1s preguntas y una profunda preocupaci\u00f3n.<\/p>\n<p style=\"text-align: justify;\">Las medidas extraordinarias han sido una regla en materia de seguridad y justicia para este pa\u00eds, a pesar de que lo extraordinario es, por definici\u00f3n, temporal y excepcional, pues su prop\u00f3sito es generar condiciones para el retorno de las medidas ordinarias y, por tanto, permanentes. No obstante, militarizar se ha convertido en la regla; mientras que la formaci\u00f3n de polic\u00edas ciudadanas, honestas y cercanas a la gente es la excepci\u00f3n. La regla es ocupar a las fuerzas armadas para frenar y deportar migrantes; la excepci\u00f3n ha sido implementar con \u00e9xito pol\u00edticas p\u00fablicas y acuerdos que atiendan las causas de la migraci\u00f3n forzada y permitan un tr\u00e1nsito seguro.<\/p>\n<p style=\"text-align: justify;\">La historia de la militarizaci\u00f3n no comienza en este sexenio. A pesar de que es posible encontrar antecedentes de esta estrategia en sexenios previos, la llamada \u201cguerra contra las drogas\u201d de Felipe Calder\u00f3n marc\u00f3 un antes y un despu\u00e9s para M\u00e9xico. A partir de su decisi\u00f3n de incrementar la presencia de las fuerzas castrenses con el objetivo de combatir estructuras criminales, ha sido imposible frenar la violencia, que incluye el incremento de homicidios dolosos y violaciones de derechos humanos, seg\u00fan cifras oficiales. Posteriormente, Pe\u00f1a Nieto cre\u00f3 la gendarmer\u00eda en el seno de la Polic\u00eda Federal con un importante componente castrense e intent\u00f3 \u201clegalizar\u201d la participaci\u00f3n de las fuerzas armadas por medio de la Ley de Seguridad Interior, misma que ser\u00eda invalidada por la Suprema Corte al considerarla un \u201cfraude a la Constituci\u00f3n\u201d.<\/p>\n<p style=\"text-align: justify;\">Las promesas de campa\u00f1a de L\u00f3pez Obrador vislumbraban la intenci\u00f3n del retorno paulatino de los militares a los cuarteles, a fin de que la seguridad p\u00fablica quedara en manos de fuerzas civiles. Todo ello se convirti\u00f3 en una esperanza vac\u00eda cuando se impuls\u00f3 la creaci\u00f3n de la Guardia Nacional para encargarse de la seguridad p\u00fablica e involucrarla en tareas de administraci\u00f3n de justicia. Aunque fue definida como una corporaci\u00f3n civil, en su dise\u00f1o se previ\u00f3 una fuerte participaci\u00f3n castrense. Al menos, se fij\u00f3 un plazo de cinco a\u00f1os para la retirada de las fuerzas armadas de las tareas de seguridad p\u00fablica, cuya participaci\u00f3n ser\u00eda extraordinaria, regulada, fiscalizada, subordinada y complementaria, requisitos que fueron echados por la borda con el acuerdo presidencial del 11 de mayo de 2020.<\/p>\n<p style=\"text-align: justify;\">Los deseos del presidente se impusieron a la Constituci\u00f3n, pues de facto la Guardia Nacional se convirti\u00f3 en un cuerpo militar \u2014con incipiente participaci\u00f3n de los integrantes provenientes de la extinta Polic\u00eda Federal\u00ad\u2014. Las decisiones m\u00e1s relevantes en torno a su funcionamiento, conformaci\u00f3n y operaci\u00f3n fueron tomadas por la Secretar\u00eda de la Defensa Nacional, que asumi\u00f3 en los hechos la responsabilidad de proveer seguridad ciudadana, al igual que de otras tareas, como la supervisi\u00f3n de medidas cautelares y la suspensi\u00f3n condicional del proceso.<\/p>\n<p style=\"text-align: justify;\">Como era de esperarse, la formalizaci\u00f3n de la intervenci\u00f3n de los militares en las tareas de seguridad p\u00fablica, ya sea con el nombre de Guardia Nacional o directamente con base en el acuerdo militarista, no supuso un cambio en los resultados; al final del d\u00eda, las fuerzas armadas ya se encontraban en las calles sin que hubiera una disminuci\u00f3n de la violencia.<\/p>\n<p style=\"text-align: justify;\">Recientemente, el presidente anunci\u00f3 tres reformas constitucionales, entre ellas, una que propone la incorporaci\u00f3n de la Guardia Nacional a la Secretar\u00eda de la Defensa Nacional. Hasta cierto punto, se trata de la constitucionalizaci\u00f3n de lo que ya opera de facto, prescindiendo de cualquier m\u00e1scara sobre su naturaleza civil; sin embargo, tambi\u00e9n pone en riesgo la meta declarada en la Constituci\u00f3n: al cabo de cinco a\u00f1os las fuerzas armadas deben dejar las tareas de seguridad p\u00fablica, incluyendo su participaci\u00f3n en la Guardia Nacional. Para lograrlo, la Constituci\u00f3n exigi\u00f3 la aplicaci\u00f3n de programas para el fortalecimiento de los cuerpos policiales estatales y municipales, seg\u00fan el r\u00e9gimen transitorio de la enmienda constitucional del 26 de marzo de 2019. La apuesta deber\u00eda estar en estas polic\u00edas civiles y no en las fuerzas armadas, pero de nueva cuenta, existe una resistencia de abandonar la excepcionalidad.<\/p>\n<p style=\"text-align: justify;\">Uno de los term\u00f3metros de la p\u00e9rdida de la democracia es la expansi\u00f3n del poder militar en distintas esferas de la vida p\u00fablica de un pa\u00eds. Frente a esto se vuelve relevante que en caso de que se materialice la amenaza de L\u00f3pez Obrador de llevar a cabo esa reforma, contemos con un poder legisltivo y un poder judicial capaces de hacer contrapeso, as\u00ed como una ciudadan\u00eda atenta a estas pulsiones autoritarias y exigente de normalidad democr\u00e1tica. Migrar a un pa\u00eds con una mayor militarizaci\u00f3n traer\u00e1 consecuencias irreparables. Basta mirar a otros pa\u00edses de Am\u00e9rica Latina.<\/p>\n","protected":false},"excerpt":{"rendered":"<p>Las promesas de campa\u00f1a de L\u00f3pez Obrador vislumbraban la intenci\u00f3n del retorno paulatino de los militares a los cuarteles, a fin de que la seguridad p\u00fablica quedara en manos de fuerzas civiles. Todo ello se convirti\u00f3 en una esperanza vac\u00eda cuando se impuls\u00f3 la creaci\u00f3n de la Guardia Nacional. \u00bb Ana Lorena Delgadillo P\u00e9rez y&#8230;<\/p>\n","protected":false},"author":2,"featured_media":1230272,"comment_status":"closed","ping_status":"closed","sticky":false,"template":"","format":"standard","meta":{"footnotes":""},"categories":[2071,1991],"tags":[3793,9532],"class_list":["post-1230271","post","type-post","status-publish","format-standard","has-post-thumbnail","hentry","category-opinion-analisis-columnas","category-libertad-de-expresion","tag-amlo","tag-guardia-nacional"],"_links":{"self":[{"href":"https:\/\/www.acapulcopress.com\/index.php\/wp-json\/wp\/v2\/posts\/1230271","targetHints":{"allow":["GET"]}}],"collection":[{"href":"https:\/\/www.acapulcopress.com\/index.php\/wp-json\/wp\/v2\/posts"}],"about":[{"href":"https:\/\/www.acapulcopress.com\/index.php\/wp-json\/wp\/v2\/types\/post"}],"author":[{"embeddable":true,"href":"https:\/\/www.acapulcopress.com\/index.php\/wp-json\/wp\/v2\/users\/2"}],"replies":[{"embeddable":true,"href":"https:\/\/www.acapulcopress.com\/index.php\/wp-json\/wp\/v2\/comments?post=1230271"}],"version-history":[{"count":0,"href":"https:\/\/www.acapulcopress.com\/index.php\/wp-json\/wp\/v2\/posts\/1230271\/revisions"}],"wp:featuredmedia":[{"embeddable":true,"href":"https:\/\/www.acapulcopress.com\/index.php\/wp-json\/"}],"wp:attachment":[{"href":"https:\/\/www.acapulcopress.com\/index.php\/wp-json\/wp\/v2\/media?parent=1230271"}],"wp:term":[{"taxonomy":"category","embeddable":true,"href":"https:\/\/www.acapulcopress.com\/index.php\/wp-json\/wp\/v2\/categories?post=1230271"},{"taxonomy":"post_tag","embeddable":true,"href":"https:\/\/www.acapulcopress.com\/index.php\/wp-json\/wp\/v2\/tags?post=1230271"}],"curies":[{"name":"wp","href":"https:\/\/api.w.org\/{rel}","templated":true}]}}