{"id":1230284,"date":"2021-06-29T21:37:06","date_gmt":"2021-06-30T02:37:06","guid":{"rendered":"https:\/\/www.acapulco.press\/?p=1230284"},"modified":"2021-06-29T21:37:06","modified_gmt":"2021-06-30T02:37:06","slug":"atienden-a-familias-afectadas-por-grietas-en-huitzapula-atlixtac","status":"publish","type":"post","link":"https:\/\/www.acapulcopress.com\/index.php\/2021\/06\/29\/atienden-a-familias-afectadas-por-grietas-en-huitzapula-atlixtac\/","title":{"rendered":"Atienden a familias afectadas por grietas en Huitzapula, Atlixtac"},"content":{"rendered":"<p style=\"text-align: justify;\">CHILPANCINGO. * 29 de junio de 2021.<br \/>\n<em>) Gobierno de Guerrero.<\/em><br \/>\nPersonal de la Secretar\u00eda de Protecci\u00f3n Civil Guerrero, en coordinaci\u00f3n con autoridades del municipio de Atlixtac, habilitaron un <img loading=\"lazy\" decoding=\"async\" class=\"alignleft size-medium wp-image-1230290\" src=\"https:\/\/www.acapulco.press\/wp-content\/uploads\/2021\/06\/GRO-ATENCION6-375x281.jpg\" alt=\"\" width=\"375\" height=\"281\" \/>Refugio Temporal en la localidad de Huitzapula, para brindar atenci\u00f3n a tres familias que fueron evacuadas de sus viviendas de manera preventiva, ante el posible riesgo de deslizamiento de ladera en la zona, tras la reciente aparici\u00f3n de grietas en el suelo.<\/p>\n<p style=\"text-align: justify;\">Desde la tarde de ayer lunes, fueron evacuadas nueve familias, de las cuales seis decidieron trasladarse con familiares cercanos, mientras que las tres restantes fueron trasladadas al refugio temporal habilitado en el comedor de la localidad.<\/p>\n<p style=\"text-align: justify;\">Este martes, en coordinaci\u00f3n con personal de la Jurisdicci\u00f3n Sanitaria 04, se brinda atenci\u00f3n medica a la poblaci\u00f3n y se realizan labores de prevenci\u00f3n, as\u00ed como la restricci\u00f3n del \u00e1rea afectada para prevenir incidentes.<\/p>\n<p style=\"text-align: justify;\"><img loading=\"lazy\" decoding=\"async\" class=\"alignleft size-medium wp-image-1230287\" src=\"https:\/\/www.acapulco.press\/wp-content\/uploads\/2021\/06\/GRO-ATENCION3-375x211.jpg\" alt=\"\" width=\"375\" height=\"211\" \/>De igual manera, personal especializado de esta secretar\u00eda realizan los estudio correspondiente, para determinar los factores que dieron origen a las grietas y determinar el riesgo en la zona.<\/p>\n<p style=\"text-align: justify;\">Las grietas se extienden sobre una superficie de 400 metros de largo, presentando algunos asentamientos de hasta dos metros en algunos puntos, afectando nueve viviendas, tres postes de la Comisi\u00f3n Federal de Electricidad y la carretera que comunica con Tlatlauquitepec.<\/p>\n<p style=\"text-align: justify;\"><img loading=\"lazy\" decoding=\"async\" class=\"alignnone wp-image-1230286 \" src=\"https:\/\/www.acapulco.press\/wp-content\/uploads\/2021\/06\/GRO-ATENCION2.jpg\" alt=\"\" width=\"805\" height=\"416\" \/><\/p>\n<p style=\"text-align: justify;\"><img loading=\"lazy\" decoding=\"async\" class=\"alignnone wp-image-1230287\" src=\"https:\/\/www.acapulco.press\/wp-content\/uploads\/2021\/06\/GRO-ATENCION3.jpg\" alt=\"\" width=\"840\" height=\"473\" \/><\/p>\n<p style=\"text-align: justify;\"><img loading=\"lazy\" decoding=\"async\" class=\"alignnone wp-image-1230285 \" src=\"https:\/\/www.acapulco.press\/wp-content\/uploads\/2021\/06\/GRO-ATENCION.jpg\" alt=\"\" width=\"804\" height=\"453\" \/><\/p>\n","protected":false},"excerpt":{"rendered":"<p>CHILPANCINGO. * 29 de junio de 2021. ) Gobierno de Guerrero. Personal de la Secretar\u00eda de Protecci\u00f3n Civil Guerrero, en coordinaci\u00f3n con autoridades del municipio de Atlixtac, habilitaron un Refugio Temporal en la localidad de Huitzapula, para brindar atenci\u00f3n a tres familias que fueron evacuadas de sus viviendas de manera preventiva, ante el posible riesgo&#8230;<\/p>\n","protected":false},"author":2,"featured_media":1230289,"comment_status":"closed","ping_status":"closed","sticky":false,"template":"","format":"standard","meta":{"footnotes":""},"categories":[1972,18574,1983,18561],"tags":[9948,16234],"class_list":["post-1230284","post","type-post","status-publish","format-standard","has-post-thumbnail","hentry","category-special","category-gobierno-la-foto","category-guerrerogob","category-society-politics","tag-huitzapula-atlixtac","tag-secretaria-de-proteccion-civil-guerrero"],"_links":{"self":[{"href":"https:\/\/www.acapulcopress.com\/index.php\/wp-json\/wp\/v2\/posts\/1230284","targetHints":{"allow":["GET"]}}],"collection":[{"href":"https:\/\/www.acapulcopress.com\/index.php\/wp-json\/wp\/v2\/posts"}],"about":[{"href":"https:\/\/www.acapulcopress.com\/index.php\/wp-json\/wp\/v2\/types\/post"}],"author":[{"embeddable":true,"href":"https:\/\/www.acapulcopress.com\/index.php\/wp-json\/wp\/v2\/users\/2"}],"replies":[{"embeddable":true,"href":"https:\/\/www.acapulcopress.com\/index.php\/wp-json\/wp\/v2\/comments?post=1230284"}],"version-history":[{"count":0,"href":"https:\/\/www.acapulcopress.com\/index.php\/wp-json\/wp\/v2\/posts\/1230284\/revisions"}],"wp:featuredmedia":[{"embeddable":true,"href":"https:\/\/www.acapulcopress.com\/index.php\/wp-json\/"}],"wp:attachment":[{"href":"https:\/\/www.acapulcopress.com\/index.php\/wp-json\/wp\/v2\/media?parent=1230284"}],"wp:term":[{"taxonomy":"category","embeddable":true,"href":"https:\/\/www.acapulcopress.com\/index.php\/wp-json\/wp\/v2\/categories?post=1230284"},{"taxonomy":"post_tag","embeddable":true,"href":"https:\/\/www.acapulcopress.com\/index.php\/wp-json\/wp\/v2\/tags?post=1230284"}],"curies":[{"name":"wp","href":"https:\/\/api.w.org\/{rel}","templated":true}]}}