{"id":1230298,"date":"2021-06-29T10:44:10","date_gmt":"2021-06-29T15:44:10","guid":{"rendered":"https:\/\/www.acapulco.press\/?p=1230298"},"modified":"2021-06-29T10:44:10","modified_gmt":"2021-06-29T15:44:10","slug":"superviso-gobernador-acciones-de-reforzamiento-de-seguridad-en-guerrero","status":"publish","type":"post","link":"https:\/\/www.acapulcopress.com\/index.php\/2021\/06\/29\/superviso-gobernador-acciones-de-reforzamiento-de-seguridad-en-guerrero\/","title":{"rendered":"Supervis\u00f3 Gobernador acciones de reforzamiento de seguridad en Guerrero"},"content":{"rendered":"<p style=\"text-align: justify;\">CHILPANCINGO. * 29 de junio de 2021.<br \/>\n<em>) Gobierno de Guerrero.<\/em><br \/>\nEl gobernador H\u00e9ctor Astudillo Flores presidi\u00f3 la sesi\u00f3n diaria de la Mesa Estatal para la Construcci\u00f3n de la Paz, en la que se inform\u00f3 de las investigaciones de casos delictivos registrados en Acapulco e Iguala, y se acordaron acciones para inhibir la delincuencia en esas zonas de la entidad.<\/p>\n<p style=\"text-align: justify;\">El secretario de Seguridad P\u00fablica, David Portillo Menchaca, inform\u00f3 que este 2021, municipios prioritarios como Taxco, registra una disminuci\u00f3n del 30.30 por ciento en materia de homicidios dolosos, Zihuatanejo menos 55.10 por ciento y Chilpancingo una reducci\u00f3n del 46.42 por ciento.<\/p>\n<p style=\"text-align: justify;\">El secretario de Protecci\u00f3n Civil, Marco C\u00e9sar Mayares Salvador, inform\u00f3 que por instrucciones del gobernador se atiende la reparaci\u00f3n de un tramo carretero da\u00f1ado por un socav\u00f3n, entre los municipios de Coahuayutla y La Uni\u00f3n.<\/p>\n<p style=\"text-align: justify;\">En la reuni\u00f3n, el comandante de la Novena Regi\u00f3n Militar, Eufemio Alberto Ibarra Flores, inform\u00f3 que personal militar se encuentra en el lugar para apoyar la circulaci\u00f3n vehicular, aplicar medidas preventivas y apoyar en la reparaci\u00f3n del tramo con el gobierno del estado.<\/p>\n<p style=\"text-align: justify;\">Mayares Salvador inform\u00f3 que por las lluvias, en el municipio de Atlixtac, se logr\u00f3 evacuar a nueve familias por la activaci\u00f3n de una ladera inestable, por lo que fueron trasladadas a un refugio temporal y adem\u00e1s se les proporcion\u00f3 por instrucciones del gobernador Astudillo, productos de limpieza, aseo personal, agua, despensas y otros enseres, en coordinaci\u00f3n con el DIF Guerrero.<\/p>\n<p style=\"text-align: justify;\">Astudillo Flores afirm\u00f3 que entre las prioridades de su sexenio, se destaca la protecci\u00f3n a ni\u00f1as, ni\u00f1os y mujeres, por lo que continuar\u00e1n las acciones contra matrimonios forzados con menores de edad, registrados principalmente en la regi\u00f3n de la Monta\u00f1a y contra la violencia de g\u00e9nero en el estado, logrando Guerrero ocupar a nivel nacional el lugar 27 en presuntos delitos de feminicidios, de acuerdo al informe del Secretariado Ejecutivo del Sistema Nacional de Seguridad P\u00fablica.<\/p>\n<p style=\"text-align: justify;\">Estuvieron presentes el secretario General de Gobierno, Florencio Salazar Adame; el comandante de la Novena Regi\u00f3n Militar, Eufemio Ibarra Flores; el comandante de la Octava Regi\u00f3n Naval, Julio C\u00e9sar Pescina \u00c1vila; el coordinador Estatal de la Guardia Nacional, Lucio Vergara G\u00f3mez; el delegado de la FGR, Fernando Garc\u00eda Fern\u00e1ndez y el fiscal General del Estado, Jorge Zuriel de los Santos Barrila.<\/p>\n<p style=\"text-align: justify;\">As\u00ed como el comandante de la 27 zona Militar, Federico San Juan Rosales; el comandante de la 35 zona Militar, Miguel \u00c1ngel Aguirre Lara; el representante del Centro Nacional de Inteligencia, Juan Gabriel Sosa Pintos; el secretario T\u00e9cnico, Hermes Teodoro Gonz\u00e1lez, el presidente de Coparmex Chilpancingo, Joel Moreno Temelo; el subsecretario de Asuntos Pol\u00edticos, Mart\u00edn Maldonado del Moral, entre otros funcionarios estatales y federales.<\/p>\n","protected":false},"excerpt":{"rendered":"<p>CHILPANCINGO. * 29 de junio de 2021. ) Gobierno de Guerrero. El gobernador H\u00e9ctor Astudillo Flores presidi\u00f3 la sesi\u00f3n diaria de la Mesa Estatal para la Construcci\u00f3n de la Paz, en la que se inform\u00f3 de las investigaciones de casos delictivos registrados en Acapulco e Iguala, y se acordaron acciones para inhibir la delincuencia en&#8230;<\/p>\n","protected":false},"author":2,"featured_media":1230299,"comment_status":"closed","ping_status":"closed","sticky":false,"template":"","format":"standard","meta":{"footnotes":""},"categories":[1983,18561],"tags":[9302,9705,12975,12977],"class_list":["post-1230298","post","type-post","status-publish","format-standard","has-post-thumbnail","hentry","category-guerrerogob","category-society-politics","tag-gobierno-de-guerrero","tag-hector-astudillo-flores","tag-mesa-estatal-para-la-construccion-de-la-paz","tag-mesa-para-la-construccion-de-la-paz"],"_links":{"self":[{"href":"https:\/\/www.acapulcopress.com\/index.php\/wp-json\/wp\/v2\/posts\/1230298","targetHints":{"allow":["GET"]}}],"collection":[{"href":"https:\/\/www.acapulcopress.com\/index.php\/wp-json\/wp\/v2\/posts"}],"about":[{"href":"https:\/\/www.acapulcopress.com\/index.php\/wp-json\/wp\/v2\/types\/post"}],"author":[{"embeddable":true,"href":"https:\/\/www.acapulcopress.com\/index.php\/wp-json\/wp\/v2\/users\/2"}],"replies":[{"embeddable":true,"href":"https:\/\/www.acapulcopress.com\/index.php\/wp-json\/wp\/v2\/comments?post=1230298"}],"version-history":[{"count":0,"href":"https:\/\/www.acapulcopress.com\/index.php\/wp-json\/wp\/v2\/posts\/1230298\/revisions"}],"wp:featuredmedia":[{"embeddable":true,"href":"https:\/\/www.acapulcopress.com\/index.php\/wp-json\/"}],"wp:attachment":[{"href":"https:\/\/www.acapulcopress.com\/index.php\/wp-json\/wp\/v2\/media?parent=1230298"}],"wp:term":[{"taxonomy":"category","embeddable":true,"href":"https:\/\/www.acapulcopress.com\/index.php\/wp-json\/wp\/v2\/categories?post=1230298"},{"taxonomy":"post_tag","embeddable":true,"href":"https:\/\/www.acapulcopress.com\/index.php\/wp-json\/wp\/v2\/tags?post=1230298"}],"curies":[{"name":"wp","href":"https:\/\/api.w.org\/{rel}","templated":true}]}}