{"id":1230306,"date":"2021-06-29T11:59:13","date_gmt":"2021-06-29T16:59:13","guid":{"rendered":"https:\/\/www.acapulco.press\/?p=1230306"},"modified":"2021-06-29T11:59:13","modified_gmt":"2021-06-29T16:59:13","slug":"vinculan-a-proceso-a-dos-responsables-de-homicidio-y-lesiones-de-cochoapa","status":"publish","type":"post","link":"https:\/\/www.acapulcopress.com\/index.php\/2021\/06\/29\/vinculan-a-proceso-a-dos-responsables-de-homicidio-y-lesiones-de-cochoapa\/","title":{"rendered":"Vinculan a proceso a dos responsables de homicidio y lesiones de Cochoapa"},"content":{"rendered":"<p style=\"text-align: justify;\">CHILPANCINGO. * 29 de junio de 2021.<br \/>\n<em>) <a href=\"https:\/\/fiscaliaguerrero.gob.mx\" target=\"_blank\" rel=\"noopener\">https:\/\/fiscaliaguerrero.gob.mx<\/a>.<br \/>\n<\/em> El Ministerio P\u00fablico obtuvo vinculaci\u00f3n a proceso en contra de Ra\u00fal \u00abN\u00bb y Juan Antonio \u00abN\u00bb, acusados como probables responsables del delito de homicidio calificado y lesiones calificadas en agravio de seis personas del sexo masculino.<\/p>\n<p style=\"text-align: justify;\">De acuerdo a los hechos las v\u00edctimas iban a bordo de un veh\u00edculo de la marca Nissan, tipo estaquitas rumbo a Cochoapa el Grande, y al pasar por el crucero de Minatitl\u00e1n, los imputados salieron al paso y dispararon en contra de ellos, quedando privado de la vida Justo \u00abN\u00bb y los dem\u00e1s lesionados.<\/p>\n<p style=\"text-align: justify;\">Por lo anterior, el Ministerio P\u00fablico aport\u00f3 los datos de prueba de la carpeta judicial C-65\/2020, y en audiencia inicial el Juez de Control y Enjuiciamiento Penal los vincul\u00f3 a proceso por los delitos en menci\u00f3n, otorgando un plazo de investigaci\u00f3n complementaria de cinco meses, quedando internos en el Centro de Reinserci\u00f3n Social de Tlapa bajo la medida cautelar de prisi\u00f3n preventiva oficiosa.<\/p>\n","protected":false},"excerpt":{"rendered":"<p>CHILPANCINGO. * 29 de junio de 2021. ) https:\/\/fiscaliaguerrero.gob.mx. El Ministerio P\u00fablico obtuvo vinculaci\u00f3n a proceso en contra de Ra\u00fal \u00abN\u00bb y Juan Antonio \u00abN\u00bb, acusados como probables responsables del delito de homicidio calificado y lesiones calificadas en agravio de seis personas del sexo masculino. De acuerdo a los hechos las v\u00edctimas iban a bordo&#8230;<\/p>\n","protected":false},"author":2,"featured_media":1230304,"comment_status":"closed","ping_status":"closed","sticky":false,"template":"","format":"standard","meta":{"footnotes":""},"categories":[1969,2005],"tags":[8699,10946,14736],"class_list":["post-1230306","post","type-post","status-publish","format-standard","has-post-thumbnail","hentry","category-trending","category-seguridad-y-justicia","tag-fiscalia-general-del-estado-de-guererro-fge","tag-jorge-zuriel-de-los-santos-barrila","tag-policia-ministerial-de-guererro"],"_links":{"self":[{"href":"https:\/\/www.acapulcopress.com\/index.php\/wp-json\/wp\/v2\/posts\/1230306","targetHints":{"allow":["GET"]}}],"collection":[{"href":"https:\/\/www.acapulcopress.com\/index.php\/wp-json\/wp\/v2\/posts"}],"about":[{"href":"https:\/\/www.acapulcopress.com\/index.php\/wp-json\/wp\/v2\/types\/post"}],"author":[{"embeddable":true,"href":"https:\/\/www.acapulcopress.com\/index.php\/wp-json\/wp\/v2\/users\/2"}],"replies":[{"embeddable":true,"href":"https:\/\/www.acapulcopress.com\/index.php\/wp-json\/wp\/v2\/comments?post=1230306"}],"version-history":[{"count":0,"href":"https:\/\/www.acapulcopress.com\/index.php\/wp-json\/wp\/v2\/posts\/1230306\/revisions"}],"wp:featuredmedia":[{"embeddable":true,"href":"https:\/\/www.acapulcopress.com\/index.php\/wp-json\/"}],"wp:attachment":[{"href":"https:\/\/www.acapulcopress.com\/index.php\/wp-json\/wp\/v2\/media?parent=1230306"}],"wp:term":[{"taxonomy":"category","embeddable":true,"href":"https:\/\/www.acapulcopress.com\/index.php\/wp-json\/wp\/v2\/categories?post=1230306"},{"taxonomy":"post_tag","embeddable":true,"href":"https:\/\/www.acapulcopress.com\/index.php\/wp-json\/wp\/v2\/tags?post=1230306"}],"curies":[{"name":"wp","href":"https:\/\/api.w.org\/{rel}","templated":true}]}}