{"id":1230311,"date":"2021-06-29T23:21:22","date_gmt":"2021-06-30T04:21:22","guid":{"rendered":"https:\/\/www.acapulco.press\/?p=1230311"},"modified":"2021-06-29T23:21:22","modified_gmt":"2021-06-30T04:21:22","slug":"debemos-botar-a-amlo-en-2022-de-hoyos","status":"publish","type":"post","link":"https:\/\/www.acapulcopress.com\/index.php\/2021\/06\/29\/debemos-botar-a-amlo-en-2022-de-hoyos\/","title":{"rendered":"Revoquemos a AMLO en 2022 | De Hoyos"},"content":{"rendered":"<p style=\"text-align: justify;\">CHILPANCINGO. * 29 de junio de 2021.<br \/>\n<em>) <a href=\"https:\/\/www.forbes.com.mx\/gestion-de-amlo-es-nociva-impulsaremos-su-destitucion-en-2022-de-hoyos\/\" target=\"_blank\" rel=\"noopener\">Forbes<\/a><\/em>.<\/p>\n<p style=\"text-align: justify;\">Al considerar que la administraci\u00f3n del presidente Andr\u00e9s Manuel L\u00f3pez Obrador ha sido nociva para el pa\u00eds, Gustavo de Hoyos, quien dirige la organizaci\u00f3n ciudadana Alternativas por M\u00e9xico, comenzar\u00e1 a construir la ruta para participar en la consulta de revocaci\u00f3n del mandato en 2022.<\/p>\n<p style=\"text-align: justify;\">En entrevista con Forbes M\u00e9xico, el exl\u00edder de la Confederaci\u00f3n Patronal de la Rep\u00fablica Mexicana (Coparmex) adelant\u00f3 que trabajar\u00e1 junto con otras organizaciones ciudadanas para demostrar que el presidente L\u00f3pez Obrador tiene mucho menos apoyo que al inicio de su gobierno.<\/p>\n<p style=\"text-align: justify;\">\u2014<strong>\u00bfPor qu\u00e9 el presidente L\u00f3pez Obrador no deber\u00eda concluir su mandato, no son tres a\u00f1os poco tiempo para hacer cambios de fondo?<\/strong>\u2014, se le cuestion\u00f3.<\/p>\n<p style=\"text-align: justify;\">\u201cNosotros pensamos que el manejo de la econom\u00eda, el manejo de la pandemia, pero particularmente la destrucci\u00f3n de instituciones y todas las decisiones que est\u00e1n afectando las libertades y la posici\u00f3n social son suficientemente graves para que con base en un proceso constitucional se pueda votar por la secesi\u00f3n del encargo del presidente\u201d, sostuvo.<\/p>\n<p style=\"text-align: justify;\">\u2014<strong>Morena gan\u00f3, por la aceptaci\u00f3n que tiene a\u00fan L\u00f3pez Obrador, en 11 estados, \u00bfc\u00f3mo combatir esa narrativa?<\/strong><\/p>\n<p style=\"text-align: justify;\">\u2014El proceso de revocaci\u00f3n de mandato permitir\u00e1 medir si la mayor\u00eda de la poblaci\u00f3n considera que la gesti\u00f3n del presidente est\u00e1 siendo correcta o incorrecta, hoy lo que se tienen son encuestas, algunas no son exactas, hoy lo que se tienen son resultados dis\u00edmbolos.<\/p>\n<p style=\"text-align: justify;\">De acuerdo con la m\u00e1s reciente encuesta del peri\u00f3dico Reforma sobre la aceptaci\u00f3n de L\u00f3pez Obrador, publicada el 17 de junio, 53% de los capitalinos reprueba la gesti\u00f3n del presidente frente a un 42% que la avala.<\/p>\n<p style=\"text-align: justify;\">De acuerdo con el rotativo, a nivel nacional y antes de la jornada electoral, la aprobaci\u00f3n al desempe\u00f1o del tabasque\u00f1o en la Presidencia se mantiene con un respaldo del 63%.<\/p>\n<p style=\"text-align: justify;\">Sin embargo, para el abogado, Morena y el presidente tienen las primeras se\u00f1ales de retroceso como lo fue perder nueve ayuntamientos en la capital, el control de gobiernos municipales y curules en la C\u00e1mara de Diputados.<\/p>\n<p style=\"text-align: justify;\">\u2014<strong>El presidente lo ha se\u00f1alado de golpismo\u2026<\/strong><\/p>\n<p style=\"text-align: justify;\">\u2014Habr\u00eda que revisar qui\u00e9n propuso esto, nadie, absolutamente nadie m\u00e1s que el presidente fue el que present\u00f3 la iniciativa y la impuls\u00f3, nosotros simplemente como ciudadanos estamos promoviendo la realizaci\u00f3n de un ejercicio que fue aprobado por todos los partidos, incluyendo Morena. No se le puede llamar golpismo a ejercer un derecho.<\/p>\n<p style=\"text-align: justify;\">Cuestionado sobre si la organizaci\u00f3n S\u00ed por M\u00e9xico, que es encabezada por el empresario Claudio X. Gonz\u00e1lez, se unir\u00e1 a la campa\u00f1a de revocaci\u00f3n del mandato, De Hoyos aclar\u00f3 que es una posibilidad que apenas se discutir\u00e1 as\u00ed como la incorporaciones para estos fines del PRI, PAN y el PRD.<\/p>\n<p style=\"text-align: justify;\">La consulta de revocaci\u00f3n del mandato se llevar\u00e1 a cabo en marzo de 2022 y de acuerdo con estimaciones del Instituto Nacional Electoral (INE) tendr\u00e1 un costo de 9 mil millones de pesos.<\/p>\n<p style=\"text-align: justify;\"><strong>Acusa a AMLO de promover el clasismo<\/strong><\/p>\n<p style=\"text-align: justify;\">El l\u00edder de Coparmex asegur\u00f3 que el mandatario federal fomenta la divisi\u00f3n entre los mexicanos al incursionar con un discurso que no es propio de un jefe de Estado, al criticar, por ejemplo, las aspiraciones de la clase media.<\/p>\n<p style=\"text-align: justify;\">Y es que desde el pasado 7 de junio, un d\u00eda despu\u00e9s de los comicios federales y donde Morena perdi\u00f3 nueve alcald\u00edas en la Ciudad de M\u00e9xico, el presidente L\u00f3pez Obrador acus\u00f3 que las clases medias se dejaron manipular por la derecha.<\/p>\n<p style=\"text-align: justify;\">De Hoyos explic\u00f3 que los cuestionamientos del jefe del Ejecutivo federal fomentan lo que dice querer erradicar: el clasismo.<\/p>\n<p style=\"text-align: justify;\">Advirti\u00f3 que este discurso s\u00f3lo puede desembocar en violencia por lo que se deber\u00eda hacer un llamado al mandatario federal a dejar de fomentar la divisi\u00f3n entre los mexicanos.<\/p>\n<p style=\"text-align: justify;\">\u201cA m\u00ed parece lamentable que un jefe de Estado promueva en cualquier forma y sobre todo de manera explicita, el clasismo, la lucha de clases; a mi me parece que la \u00fanica divisi\u00f3n que puede clarificar un jefe de Estado es el de las personas que est\u00e1n dentro de la ley y las que est\u00e1n fuera de la ley.<\/p>\n<p style=\"text-align: justify;\">\u201cEste tipo de se\u00f1alamientos a lo que conducen es a la polarizaci\u00f3n, al odio social y eventualmente a la violencia\u201d, asever\u00f3.<\/p>\n","protected":false},"excerpt":{"rendered":"<p>CHILPANCINGO. * 29 de junio de 2021. ) Forbes. Al considerar que la administraci\u00f3n del presidente Andr\u00e9s Manuel L\u00f3pez Obrador ha sido nociva para el pa\u00eds, Gustavo de Hoyos, quien dirige la organizaci\u00f3n ciudadana Alternativas por M\u00e9xico, comenzar\u00e1 a construir la ruta para participar en la consulta de revocaci\u00f3n del mandato en 2022. En entrevista&#8230;<\/p>\n","protected":false},"author":2,"featured_media":1230312,"comment_status":"closed","ping_status":"closed","sticky":false,"template":"","format":"standard","meta":{"footnotes":""},"categories":[1972,18577,1997],"tags":[3896,9597,9603,15531],"class_list":["post-1230311","post","type-post","status-publish","format-standard","has-post-thumbnail","hentry","category-special","category-politica-la-foto","category-noticias-destacadas","tag-andres-manuel-lopez-obrador","tag-gustavo-adolfo-de-hoyos-walther","tag-gustavo-de-hoyos-walther","tag-revocacion-de-mandato"],"_links":{"self":[{"href":"https:\/\/www.acapulcopress.com\/index.php\/wp-json\/wp\/v2\/posts\/1230311","targetHints":{"allow":["GET"]}}],"collection":[{"href":"https:\/\/www.acapulcopress.com\/index.php\/wp-json\/wp\/v2\/posts"}],"about":[{"href":"https:\/\/www.acapulcopress.com\/index.php\/wp-json\/wp\/v2\/types\/post"}],"author":[{"embeddable":true,"href":"https:\/\/www.acapulcopress.com\/index.php\/wp-json\/wp\/v2\/users\/2"}],"replies":[{"embeddable":true,"href":"https:\/\/www.acapulcopress.com\/index.php\/wp-json\/wp\/v2\/comments?post=1230311"}],"version-history":[{"count":0,"href":"https:\/\/www.acapulcopress.com\/index.php\/wp-json\/wp\/v2\/posts\/1230311\/revisions"}],"wp:featuredmedia":[{"embeddable":true,"href":"https:\/\/www.acapulcopress.com\/index.php\/wp-json\/"}],"wp:attachment":[{"href":"https:\/\/www.acapulcopress.com\/index.php\/wp-json\/wp\/v2\/media?parent=1230311"}],"wp:term":[{"taxonomy":"category","embeddable":true,"href":"https:\/\/www.acapulcopress.com\/index.php\/wp-json\/wp\/v2\/categories?post=1230311"},{"taxonomy":"post_tag","embeddable":true,"href":"https:\/\/www.acapulcopress.com\/index.php\/wp-json\/wp\/v2\/tags?post=1230311"}],"curies":[{"name":"wp","href":"https:\/\/api.w.org\/{rel}","templated":true}]}}