{"id":1230329,"date":"2021-06-30T19:28:27","date_gmt":"2021-07-01T00:28:27","guid":{"rendered":"https:\/\/www.acapulco.press\/?p=1230329"},"modified":"2021-06-30T19:28:27","modified_gmt":"2021-07-01T00:28:27","slug":"vinculan-a-proceso-a-fenicida-en-grado-de-tentativa-de-xochihuehuetlan","status":"publish","type":"post","link":"https:\/\/www.acapulcopress.com\/index.php\/2021\/06\/30\/vinculan-a-proceso-a-fenicida-en-grado-de-tentativa-de-xochihuehuetlan\/","title":{"rendered":"Vinculan a proceso a feminicida de Xochihuehuetl\u00e1n"},"content":{"rendered":"<p style=\"text-align: justify;\">CHILPANCINGO. * 30 de junio de 2021.<br \/>\n<em>) <a href=\"https:\/\/fiscaliaguerrero.gob.mx\" target=\"_blank\" rel=\"noopener\">https:\/\/fiscaliaguerrero.gob.mx<\/a>.<\/em><br \/>\nLa Fiscal\u00eda General del Estado obtuvo vinculaci\u00f3n a proceso en contra de Jes\u00fas \u00abN\u00bb como probable responsable del delito de feminicidio en grado de tentativa.<\/p>\n<p style=\"text-align: justify;\">La v\u00edctima fue lesionada por su esposo en el interior de su domicilio, el pasado 25 de junio de 2021, provoc\u00e1ndole heridas por arma de fuego que la tienen en estado grave en un hospital, hechos en Xochihuehuetl\u00e1n.<\/p>\n<p style=\"text-align: justify;\">En audiencia inicial, el Ministerio P\u00fablico aport\u00f3 ante el Juez de Control y Enjuiciamiento Penal los datos de prueba, quien decret\u00f3 vinculaci\u00f3n a proceso en contra del imputado por el delito de feminicidio en grado de tentativa, carpeta judicial C-94\/2021, con un plazo de cinco meses de investigaci\u00f3n complementaria y queda bajo la medida cautelar de prisi\u00f3n preventiva oficiosa en el Centro de Reinserci\u00f3n Social de Tlapa de Comonfort.<\/p>\n<p style=\"text-align: justify;\">La Fiscal\u00eda General del Estado continuar\u00e1 investigando los delitos del fuero com\u00fan y con especial seguimiento los cometidos en temas de igualdad de g\u00e9nero y menores de edad en el estado de Guerrero.<\/p>\n","protected":false},"excerpt":{"rendered":"<p>CHILPANCINGO. * 30 de junio de 2021. ) https:\/\/fiscaliaguerrero.gob.mx. La Fiscal\u00eda General del Estado obtuvo vinculaci\u00f3n a proceso en contra de Jes\u00fas \u00abN\u00bb como probable responsable del delito de feminicidio en grado de tentativa. La v\u00edctima fue lesionada por su esposo en el interior de su domicilio, el pasado 25 de junio de 2021, provoc\u00e1ndole&#8230;<\/p>\n","protected":false},"author":2,"featured_media":1230331,"comment_status":"closed","ping_status":"closed","sticky":false,"template":"","format":"standard","meta":{"footnotes":""},"categories":[1969,1989],"tags":[8699,10946,14736],"class_list":["post-1230329","post","type-post","status-publish","format-standard","has-post-thumbnail","hentry","category-trending","category-noticias-generales","tag-fiscalia-general-del-estado-de-guererro-fge","tag-jorge-zuriel-de-los-santos-barrila","tag-policia-ministerial-de-guererro"],"_links":{"self":[{"href":"https:\/\/www.acapulcopress.com\/index.php\/wp-json\/wp\/v2\/posts\/1230329","targetHints":{"allow":["GET"]}}],"collection":[{"href":"https:\/\/www.acapulcopress.com\/index.php\/wp-json\/wp\/v2\/posts"}],"about":[{"href":"https:\/\/www.acapulcopress.com\/index.php\/wp-json\/wp\/v2\/types\/post"}],"author":[{"embeddable":true,"href":"https:\/\/www.acapulcopress.com\/index.php\/wp-json\/wp\/v2\/users\/2"}],"replies":[{"embeddable":true,"href":"https:\/\/www.acapulcopress.com\/index.php\/wp-json\/wp\/v2\/comments?post=1230329"}],"version-history":[{"count":0,"href":"https:\/\/www.acapulcopress.com\/index.php\/wp-json\/wp\/v2\/posts\/1230329\/revisions"}],"wp:featuredmedia":[{"embeddable":true,"href":"https:\/\/www.acapulcopress.com\/index.php\/wp-json\/"}],"wp:attachment":[{"href":"https:\/\/www.acapulcopress.com\/index.php\/wp-json\/wp\/v2\/media?parent=1230329"}],"wp:term":[{"taxonomy":"category","embeddable":true,"href":"https:\/\/www.acapulcopress.com\/index.php\/wp-json\/wp\/v2\/categories?post=1230329"},{"taxonomy":"post_tag","embeddable":true,"href":"https:\/\/www.acapulcopress.com\/index.php\/wp-json\/wp\/v2\/tags?post=1230329"}],"curies":[{"name":"wp","href":"https:\/\/api.w.org\/{rel}","templated":true}]}}