{"id":1230338,"date":"2021-06-30T20:33:52","date_gmt":"2021-07-01T01:33:52","guid":{"rendered":"https:\/\/www.acapulco.press\/?p=1230338"},"modified":"2021-06-30T20:33:52","modified_gmt":"2021-07-01T01:33:52","slug":"pronostican-nuevo-evento-de-mar-de-fondo-en-costas-de-guerrero","status":"publish","type":"post","link":"https:\/\/www.acapulcopress.com\/index.php\/2021\/06\/30\/pronostican-nuevo-evento-de-mar-de-fondo-en-costas-de-guerrero\/","title":{"rendered":"Pronostican nuevo evento de mar de fondo en costas de Guerrero"},"content":{"rendered":"<p style=\"text-align: justify;\">CHILPANCINGOO. * 29 de junio de 2021.<br \/>\n<em>) Secretar\u00eda de Protecci\u00f3n Civil Guerrero.<\/em><br \/>\nLa Secretar\u00eda de Protecci\u00f3n Civil Guerrero, informa que se ha pronosticado un nuevo evento de Mar de Fondo a partir del d\u00eda viernes 02 de julio, que generar\u00e1 condiciones de alto oleaje en toda la franja costera del estado, con olas que podr\u00edan alcanzar los 2.1 metros de altura.<\/p>\n<p style=\"text-align: justify;\">Por lo anterior, la dependencia estatal emiti\u00f3 un aviso preventivo para la poblaci\u00f3n en general y las autoridades de los municipios costeros, para que se extremen las medidas de precauci\u00f3n necesaria, a fin de evitar incidentes en zonas de playa.<\/p>\n<p style=\"text-align: justify;\">De acuerdo con informaci\u00f3n de la Secretar\u00eda de Marina Armada de M\u00e9xico, los efectos de este fen\u00f3meno mar\u00edtimo comenzar\u00e1n a registrarse a partir de la ma\u00f1ana del d\u00eda viernes 02 de julio, afectando las costas del Pac\u00edfico Mexicano desde el estado de Chiapas hasta Jalisco, incluyendo al estado de Guerrero.<\/p>\n<p style=\"text-align: justify;\">Adem\u00e1s de alto oleaje, tambi\u00e9n se prev\u00e9 la elevaci\u00f3n paulatina del nivel del mar, reducci\u00f3n de la zona de playas y la manifestaci\u00f3n de marejadas en forma recurrente, as\u00ed como la presencia de corrientes de arrastre.<\/p>\n<p style=\"text-align: justify;\">La Secretar\u00eda de Protecci\u00f3n Civil a trav\u00e9s del Centro de Monitoreo y An\u00e1lisis de Riesgos, vigila de forma permanente est\u00e1s condiciones mar\u00edtimas, a fin de emitir los avisos y alertamientos oportunos para la poblaci\u00f3n y autoridades municipales.<\/p>\n<p style=\"text-align: justify;\">Por lo anterior, la dependencia estatal recomienda permanecer bien informados con fuentes oficiales y no propagar rumores sin sustento, as\u00ed como respetar las indicaciones del personal salvavidas y de protecci\u00f3n civil. Tambi\u00e9n se pide, evitar realizar deportes acu\u00e1ticos, no introducirse al mar, ni caminar en la franja de arena y respetar los protocolos sanitarios para evitar contagios de COVID-19.<\/p>\n<p style=\"text-align: justify;\">Al sector hotelero, restaurantero y prestadores de servicios tur\u00edsticos, se les pide colocar banderolas rojas en zona de playas y prohibir a los ba\u00f1istas meterse al mar, as\u00ed como retirar mobiliario y establecimientos semifijos tipo palapas.<\/p>\n<p style=\"text-align: justify;\">A los navegantes de embarcaciones menores, se les pide atender las indicaciones de la Capitan\u00eda de Puerto.<\/p>\n<p style=\"text-align: justify;\">En caso de alguna emergencia solicitar ayuda al personal salvavidas y de Protecci\u00f3n Civil, tambi\u00e9n reportar cualquier incidencia al n\u00famero de emergencias 911.<\/p>\n","protected":false},"excerpt":{"rendered":"<p>CHILPANCINGOO. * 29 de junio de 2021. ) Secretar\u00eda de Protecci\u00f3n Civil Guerrero. La Secretar\u00eda de Protecci\u00f3n Civil Guerrero, informa que se ha pronosticado un nuevo evento de Mar de Fondo a partir del d\u00eda viernes 02 de julio, que generar\u00e1 condiciones de alto oleaje en toda la franja costera del estado, con olas que&#8230;<\/p>\n","protected":false},"author":2,"featured_media":0,"comment_status":"closed","ping_status":"closed","sticky":false,"template":"","format":"standard","meta":{"footnotes":""},"categories":[1972,18574],"tags":[6705,12405,15087],"class_list":["post-1230338","post","type-post","status-publish","format-standard","hentry","category-special","category-gobierno-la-foto","tag-covid19","tag-mar-de-fondo","tag-pronostican-nuevo-evento-de-mar-de-fondo-en-costas-de-guerrero"],"_links":{"self":[{"href":"https:\/\/www.acapulcopress.com\/index.php\/wp-json\/wp\/v2\/posts\/1230338","targetHints":{"allow":["GET"]}}],"collection":[{"href":"https:\/\/www.acapulcopress.com\/index.php\/wp-json\/wp\/v2\/posts"}],"about":[{"href":"https:\/\/www.acapulcopress.com\/index.php\/wp-json\/wp\/v2\/types\/post"}],"author":[{"embeddable":true,"href":"https:\/\/www.acapulcopress.com\/index.php\/wp-json\/wp\/v2\/users\/2"}],"replies":[{"embeddable":true,"href":"https:\/\/www.acapulcopress.com\/index.php\/wp-json\/wp\/v2\/comments?post=1230338"}],"version-history":[{"count":0,"href":"https:\/\/www.acapulcopress.com\/index.php\/wp-json\/wp\/v2\/posts\/1230338\/revisions"}],"wp:attachment":[{"href":"https:\/\/www.acapulcopress.com\/index.php\/wp-json\/wp\/v2\/media?parent=1230338"}],"wp:term":[{"taxonomy":"category","embeddable":true,"href":"https:\/\/www.acapulcopress.com\/index.php\/wp-json\/wp\/v2\/categories?post=1230338"},{"taxonomy":"post_tag","embeddable":true,"href":"https:\/\/www.acapulcopress.com\/index.php\/wp-json\/wp\/v2\/tags?post=1230338"}],"curies":[{"name":"wp","href":"https:\/\/api.w.org\/{rel}","templated":true}]}}