{"id":1230363,"date":"2021-06-30T22:24:42","date_gmt":"2021-07-01T03:24:42","guid":{"rendered":"https:\/\/www.acapulco.press\/?p=1230363"},"modified":"2021-06-30T22:24:42","modified_gmt":"2021-07-01T03:24:42","slug":"quien-para-el-pri-guerrero","status":"publish","type":"post","link":"https:\/\/www.acapulcopress.com\/index.php\/2021\/06\/30\/quien-para-el-pri-guerrero\/","title":{"rendered":"\u00bfQui\u00e9n para el PRI Guerrero?"},"content":{"rendered":"<p style=\"text-align: justify;\">Un Rapid\u00edn<br \/>\n\u00bb <strong>\u00c1ngel Irra Carceda<\/strong><br \/>\n<em>) angelirracar@hotmail.com<\/em><br \/>\nFacebook | <em><a href=\"https:\/\/www.facebook.com\/angel.irracarceda.7\" target=\"_blank\" rel=\"noopener\">angel.irracarceda.7<\/a>,<\/em><\/p>\n<p style=\"text-align: justify;\">En caso de que finalmente los tribunales electorales determinen que la impugnaci\u00f3n del resultado electoral del 6 de junio en Guerrero es improcedente, los priistas guerrerenses tendr\u00edan que enfocar sus bater\u00edas en la reorganizaci\u00f3n de su partido.<\/p>\n<p style=\"text-align: justify;\">Todos sabemos que las derrotas son hu\u00e9rfanas y que, normalmente, generan una cascada de acusaciones, de culpas, de se\u00f1alamientos de \u201ctraidores\u201d a la causa.<\/p>\n<p style=\"text-align: justify;\">En medio de ese escenario se encuentra Mario Moreno Arcos, quien desarroll\u00f3 una gran campa\u00f1a para ganar, y una vez que se declar\u00f3 a Evelyn Salgado Pineda ganadora de la contienda por la gubernatura, procedi\u00f3 a impugnar el resultado comicial.<\/p>\n<p style=\"text-align: justify;\">En la disputa por la gubernatura, en el 2005, H\u00e9ctor Astudillo Flores -seguro estoy- tuvo en sus manos elementos para impugnar el resultado electoral que le fue adverso ante Zeferino Torreblanca.<\/p>\n<p style=\"text-align: justify;\">Cochinada vil, porque su \u201cderrota\u201d la fraguaron desde muchos antes, desde el Centro del pa\u00eds.<\/p>\n<p style=\"text-align: justify;\">H\u00e9ctor decidi\u00f3 no proceder, y en su dolencia por el resultado y las circunstancias en que se dieron, dej\u00f3 en claro a sus seguidores y equipo que ah\u00ed no terminaba su proyecto, que continuaba. Y lo logr\u00f3.<\/p>\n<p style=\"text-align: justify;\">Ahora, en el Guerrero priista, si se confirma la victoria de Evelyn Salgado, no hay otro personaje m\u00e1s que Mario Moreno para tomar las riendas del PRI estatal.<\/p>\n<p style=\"text-align: justify;\">Para su servidor, sin apasionamientos, Mario Moreno es el relevo natural en la dirigencia estatal del PRI.<\/p>\n<p style=\"text-align: justify;\">No es por nada, pero conoce al partido desde sus entra\u00f1as. Ser\u00eda el gran conciliador entre los ahora grupos priistas en pugna empecinados en culpar a muchos por la eventual derrota.<\/p>\n<p style=\"text-align: justify;\">Si entre los priistas ahora se despedazan entre unos y otros, los de enfrente les estar\u00e1n agradecidos.<\/p>\n<p style=\"text-align: justify;\">Y lo mismo pasar\u00eda entre los perredistas, que -curiosamente- su voto desapareci\u00f3 el 6 de junio. \u00a1Aj\u00e1!<\/p>\n<p style=\"text-align: justify;\">La adversidad genera reflexiones, y tambi\u00e9n debe convertirse en el punto, la base del relanzamiento. No ser\u00eda la primera vez.<\/p>\n","protected":false},"excerpt":{"rendered":"<p>Un Rapid\u00edn \u00bb \u00c1ngel Irra Carceda ) angelirracar@hotmail.com Facebook | angel.irracarceda.7, En caso de que finalmente los tribunales electorales determinen que la impugnaci\u00f3n del resultado electoral del 6 de junio en Guerrero es improcedente, los priistas guerrerenses tendr\u00edan que enfocar sus bater\u00edas en la reorganizaci\u00f3n de su partido. Todos sabemos que las derrotas son hu\u00e9rfanas&#8230;<\/p>\n","protected":false},"author":2,"featured_media":1230370,"comment_status":"closed","ping_status":"closed","sticky":false,"template":"","format":"standard","meta":{"footnotes":""},"categories":[2071,1991],"tags":[12685,14914],"class_list":["post-1230363","post","type-post","status-publish","format-standard","has-post-thumbnail","hentry","category-opinion-analisis-columnas","category-libertad-de-expresion","tag-mario-moreno-arcos","tag-pri"],"_links":{"self":[{"href":"https:\/\/www.acapulcopress.com\/index.php\/wp-json\/wp\/v2\/posts\/1230363","targetHints":{"allow":["GET"]}}],"collection":[{"href":"https:\/\/www.acapulcopress.com\/index.php\/wp-json\/wp\/v2\/posts"}],"about":[{"href":"https:\/\/www.acapulcopress.com\/index.php\/wp-json\/wp\/v2\/types\/post"}],"author":[{"embeddable":true,"href":"https:\/\/www.acapulcopress.com\/index.php\/wp-json\/wp\/v2\/users\/2"}],"replies":[{"embeddable":true,"href":"https:\/\/www.acapulcopress.com\/index.php\/wp-json\/wp\/v2\/comments?post=1230363"}],"version-history":[{"count":0,"href":"https:\/\/www.acapulcopress.com\/index.php\/wp-json\/wp\/v2\/posts\/1230363\/revisions"}],"wp:featuredmedia":[{"embeddable":true,"href":"https:\/\/www.acapulcopress.com\/index.php\/wp-json\/"}],"wp:attachment":[{"href":"https:\/\/www.acapulcopress.com\/index.php\/wp-json\/wp\/v2\/media?parent=1230363"}],"wp:term":[{"taxonomy":"category","embeddable":true,"href":"https:\/\/www.acapulcopress.com\/index.php\/wp-json\/wp\/v2\/categories?post=1230363"},{"taxonomy":"post_tag","embeddable":true,"href":"https:\/\/www.acapulcopress.com\/index.php\/wp-json\/wp\/v2\/tags?post=1230363"}],"curies":[{"name":"wp","href":"https:\/\/api.w.org\/{rel}","templated":true}]}}