{"id":1230377,"date":"2021-06-30T22:48:13","date_gmt":"2021-07-01T03:48:13","guid":{"rendered":"https:\/\/www.acapulco.press\/?p=1230377"},"modified":"2021-06-30T22:48:13","modified_gmt":"2021-07-01T03:48:13","slug":"hemos-trabajado-y-atendido-los-problemas-de-guerrero-astudillo","status":"publish","type":"post","link":"https:\/\/www.acapulcopress.com\/index.php\/2021\/06\/30\/hemos-trabajado-y-atendido-los-problemas-de-guerrero-astudillo\/","title":{"rendered":"Hemos trabajado y atendido los problemas de Guerrero | Astudillo"},"content":{"rendered":"<p style=\"text-align: justify;\">TIERRA COLORADA. * 30 de junio de 2021.<br \/>\n<em>) Gobierno de Guerrero.<\/em><\/p>\n<p style=\"text-align: justify;\">En estos a\u00f1os que me ha tocado gobernar, he tratado de ser un gobernador cuidadoso, que trabaje, que responda, que reaccione siempre de la mejor manera para hacer frente a los problemas del estado de Guerrero, asegur\u00f3 H\u00e9ctor Astudillo Flores al <img loading=\"lazy\" decoding=\"async\" class=\"alignleft size-medium wp-image-1230368\" src=\"https:\/\/www.acapulco.press\/wp-content\/uploads\/2021\/06\/haf-obras5-375x215.jpg\" alt=\"\" width=\"375\" height=\"215\" \/>inaugurar en Juan R. Escudero, obras de infraestructura de la Secretar\u00eda de Desarrollo Urbano, Obras P\u00fablicas y Ordenamiento Territorial, del IGIFE y de entregar apoyos de programas sociales.<\/p>\n<p style=\"text-align: justify;\">Acompa\u00f1ado de secretarios de despacho, Astudillo Flores destac\u00f3 que este municipio ha vivido en armon\u00eda, que es una de las cosas m\u00e1s importantes a las que puede aspirar un pueblo.<\/p>\n<p style=\"text-align: justify;\">Dese\u00f3 \u00e9xito a la presidenta municipal electa, Diana Carolina Costilla Villanueva y le recomend\u00f3 seguir trabajando en favor de este municipio, puerta de las dos Costas.<\/p>\n<p style=\"text-align: justify;\"><img loading=\"lazy\" decoding=\"async\" class=\"alignleft size-medium wp-image-1230367\" src=\"https:\/\/www.acapulco.press\/wp-content\/uploads\/2021\/06\/haf-obras4-375x249.jpg\" alt=\"\" width=\"375\" height=\"249\" \/>En este lugar inaugur\u00f3 la avenida Juan R. Escudero, principal v\u00eda de circulaci\u00f3n que represent\u00f3 una inversi\u00f3n estatal de 6 millones de pesos y consisti\u00f3 en la pavimentaci\u00f3n con concreto estampado con 382 metros lineales y entreg\u00f3 actas de nacimiento, de matrimonio.<\/p>\n<p style=\"text-align: justify;\">En su mensaje, dese\u00f3 que a Guerrero le vaya bien porque es un estado que merece progresar.<\/p>\n<p style=\"text-align: justify;\">\u00abQuiero dejar de ser gobernador y que los ni\u00f1os, ni\u00f1as y maestros est\u00e9n en clases, que sigamos ocupando lugares que no sean los primeros de inseguridad, ya no somos la noticia como hace 6, 5 o 4 a\u00f1os que est\u00e1bamos en primer lugar en delitos de alto impacto, <img loading=\"lazy\" decoding=\"async\" class=\"alignleft size-medium wp-image-1230366\" src=\"https:\/\/www.acapulco.press\/wp-content\/uploads\/2021\/06\/haf-obras3-375x250.jpg\" alt=\"\" width=\"375\" height=\"250\" \/>hoy estamos en d\u00e9cimo lugar, pero esto no quiere decir que se ha resuelto el problema, lamentablemente Guerrero tiene sus problemas como cualquier estado pero ya no somos noticia de impacto nacional\u00bb, enfatiz\u00f3 Astudillo Flores.<\/p>\n<p style=\"text-align: justify;\">Asimismo, convoc\u00f3 a la poblaci\u00f3n de Tierra Colorada a seguir cuid\u00e1ndose ante la pandemia por el Covid-19 y a acudir a vacunarse.<\/p>\n<p style=\"text-align: justify;\">Resalt\u00f3 que se est\u00e1 construyendo el acceso a la universidad Benito Ju\u00e1rez, una obra con la que se comprometo con el presidente Andr\u00e9s Manuel L\u00f3pez Obrador, quien \u00absiempre ha sido atento <img loading=\"lazy\" decoding=\"async\" class=\"alignleft size-medium wp-image-1230365\" src=\"https:\/\/www.acapulco.press\/wp-content\/uploads\/2021\/06\/haf-obras2-375x228.jpg\" alt=\"\" width=\"375\" height=\"228\" \/>conmigo y muy respetuoso\u00bb.<\/p>\n<p style=\"text-align: justify;\">Puntualiz\u00f3 que la reconstrucci\u00f3n de escuelas es de las acciones m\u00e1s fuertes en estos casi seis a\u00f1os de gobierno, atendiendo alrededor de 2 mil 850 instituciones educativas.<\/p>\n<p style=\"text-align: justify;\">El director del Instituto Guerrerense de la Infraestructura F\u00edsica Educativa (IGIFE), Jorge Alcocer Navarrete inform\u00f3 que durante 6 a\u00f1os, en el municipio se realizaron 19 obras en 15 escuelas de diferentes niveles con una inversi\u00f3n superior a los 28 millones de pesos en beneficio de m\u00e1s de mil 900 estudiantes.<\/p>\n<p style=\"text-align: justify;\">El secretario de Desarrollo Social, Arturo Salgado Uri\u00f3stegui se\u00f1al\u00f3 que con los programas de la dependencia a su cargo se han aplicado en este municipio: 25 acciones del programa \u201cUn cuarto m\u00e1s\u201d, con una inversi\u00f3n de 1.3 millones de pesos y con el programa de Electrificaci\u00f3n, en coordinaci\u00f3n con la Comisi\u00f3n Federal de Electricidad, se electrific\u00f3 la colonia San Francis<img loading=\"lazy\" decoding=\"async\" class=\"alignleft size-medium wp-image-1230364\" src=\"https:\/\/www.acapulco.press\/wp-content\/uploads\/2021\/06\/haf-obras-375x250.jpg\" alt=\"\" width=\"375\" height=\"250\" \/>co con una inversi\u00f3n de 1.1 millones de pesos.<\/p>\n<p style=\"text-align: justify;\">En su turno, el presidente municipal, Delfino Terrones Ram\u00edrez reiter\u00f3 su reconocimiento y agradecimiento al gobernador H\u00e9ctor Astudillo Flores por el respaldo institucional y obras realizadas en este municipio.<\/p>\n<p style=\"text-align: justify;\">En esta gira el gobernador estuvo acompa\u00f1ado por el comandante de la Novena Regi\u00f3n Militar, Eufemio Ibarra Flores; los secretarios de Finanzas y Administraci\u00f3n, Tulio Samuel P\u00e9rez Calvo; de Educaci\u00f3n, Heriberto Huicochea V\u00e1zquez; de Desarrollo Urbano, Obras P\u00fablicas y Ordenamiento Territorial, Cozovi Ocampo Guzm\u00e1n; el jefe de la Oficina del Ejecutivo, Alejandro Bravo Abarca y la presidenta municipal electa, Diana Carolina Costilla Villanueva.<\/p>\n","protected":false},"excerpt":{"rendered":"<p>TIERRA COLORADA. * 30 de junio de 2021. ) Gobierno de Guerrero. En estos a\u00f1os que me ha tocado gobernar, he tratado de ser un gobernador cuidadoso, que trabaje, que responda, que reaccione siempre de la mejor manera para hacer frente a los problemas del estado de Guerrero, asegur\u00f3 H\u00e9ctor Astudillo Flores al inaugurar en&#8230;<\/p>\n","protected":false},"author":2,"featured_media":1230369,"comment_status":"closed","ping_status":"closed","sticky":false,"template":"","format":"standard","meta":{"footnotes":""},"categories":[1983,18561],"tags":[9302,9705],"class_list":["post-1230377","post","type-post","status-publish","format-standard","has-post-thumbnail","hentry","category-guerrerogob","category-society-politics","tag-gobierno-de-guerrero","tag-hector-astudillo-flores"],"_links":{"self":[{"href":"https:\/\/www.acapulcopress.com\/index.php\/wp-json\/wp\/v2\/posts\/1230377","targetHints":{"allow":["GET"]}}],"collection":[{"href":"https:\/\/www.acapulcopress.com\/index.php\/wp-json\/wp\/v2\/posts"}],"about":[{"href":"https:\/\/www.acapulcopress.com\/index.php\/wp-json\/wp\/v2\/types\/post"}],"author":[{"embeddable":true,"href":"https:\/\/www.acapulcopress.com\/index.php\/wp-json\/wp\/v2\/users\/2"}],"replies":[{"embeddable":true,"href":"https:\/\/www.acapulcopress.com\/index.php\/wp-json\/wp\/v2\/comments?post=1230377"}],"version-history":[{"count":0,"href":"https:\/\/www.acapulcopress.com\/index.php\/wp-json\/wp\/v2\/posts\/1230377\/revisions"}],"wp:featuredmedia":[{"embeddable":true,"href":"https:\/\/www.acapulcopress.com\/index.php\/wp-json\/"}],"wp:attachment":[{"href":"https:\/\/www.acapulcopress.com\/index.php\/wp-json\/wp\/v2\/media?parent=1230377"}],"wp:term":[{"taxonomy":"category","embeddable":true,"href":"https:\/\/www.acapulcopress.com\/index.php\/wp-json\/wp\/v2\/categories?post=1230377"},{"taxonomy":"post_tag","embeddable":true,"href":"https:\/\/www.acapulcopress.com\/index.php\/wp-json\/wp\/v2\/tags?post=1230377"}],"curies":[{"name":"wp","href":"https:\/\/api.w.org\/{rel}","templated":true}]}}