{"id":1230420,"date":"2021-07-01T17:44:52","date_gmt":"2021-07-01T22:44:52","guid":{"rendered":"https:\/\/www.acapulco.press\/?p=1230420"},"modified":"2021-07-01T17:44:52","modified_gmt":"2021-07-01T22:44:52","slug":"fge-logra-80-anos-de-carcel-contra-secuestrador-de-acapulco","status":"publish","type":"post","link":"https:\/\/www.acapulcopress.com\/index.php\/2021\/07\/01\/fge-logra-80-anos-de-carcel-contra-secuestrador-de-acapulco\/","title":{"rendered":"FGE logra 80 a\u00f1os de c\u00e1rcel contra secuestrador de Acapulco"},"content":{"rendered":"<p style=\"text-align: justify;\">CHILPANCINGO. * 1 de julio de 2021.<br \/>\n<em>) <a href=\"https:\/\/fiscaliaguerrero.gob.mx\" target=\"_blank\" rel=\"noopener\">https:\/\/fiscaliaguerrero.gob.mx<\/a>.<br \/>\n<\/em><\/p>\n<p style=\"text-align: justify;\">Agentes Ministeriales adscritos a la Fiscal\u00eda Especializada de Delitos Sexuales y Violencia Familiar, cumplimentaron una orden de aprehensi\u00f3n en contra de Lorenzo \u00abN\u00bb como probable responsable del delito de violaci\u00f3n equiparada, en la ciudad de Iguala de la Independencia.<\/p>\n<p style=\"text-align: justify;\">El detenido es acusado por hechos relacionados con la carpeta judicial C-220\/2021, quien el d\u00eda 11 de junio de 2021 lleg\u00f3 al domicilio de la menor v\u00edctima y al encontrarla sola cometi\u00f3 el delito y bajo amenazas le pidi\u00f3 que guardara silencio.<\/p>\n<p style=\"text-align: justify;\">La Polic\u00eda Ministerial lo puso a disposici\u00f3n del Ministerio P\u00fablico, para el t\u00e9rmino legal correspondiente y el Juez de Control y Enjuiciamiento Penal determine su situaci\u00f3n jur\u00eddica.<\/p>\n<p style=\"text-align: justify;\">La Fiscal\u00eda General del Estado continuar\u00e1 investigando los delitos del fuero com\u00fan y con especial seguimiento los cometidos en temas de igualdad de g\u00e9nero y menores de edad en el estado de Guerrero.<\/p>\n<p><strong>CAPTURAN A VIOLADOR DE IGUALA<\/strong><\/p>\n<p style=\"text-align: justify;\"><img loading=\"lazy\" decoding=\"async\" class=\"alignleft size-medium wp-image-1230421\" src=\"https:\/\/www.acapulco.press\/wp-content\/uploads\/2021\/07\/fge-genaro-genesis-375x375.jpg\" alt=\"\" width=\"375\" height=\"375\" \/>Con una pena privativa de su libertad, Genaro \u00abN\u00bb, fue sentenciado a 80 a\u00f1os de prisi\u00f3n por ser culpable y penalmente responsable del delito de secuestro agravado.<\/p>\n<p style=\"text-align: justify;\">El Ministerio P\u00fablico acredit\u00f3 lo ocurrido el d\u00eda 17 de agosto de 2017, cuando la v\u00edctima acudi\u00f3 a visitar al imputado a la colonia Morelos y al querer retirarse no la dej\u00f3 salir, exigiendo a familiares un pago por su libertad.<\/p>\n<p style=\"text-align: justify;\">Despu\u00e9s de pasar por las etapas del proceso, en audiencia de Individualizaci\u00f3n de la Pena y Sanciones el Tribunal de Enjuiciamiento del Distrito de Tabares lo conden\u00f3 a 80 a\u00f1os de prisi\u00f3n, pagar\u00e1 una multa y por la reparaci\u00f3n del da\u00f1o a la v\u00edctima, quedando interno para purgar su sentencia en el Centro de Reinserci\u00f3n Social de Acapulco, Guerrero.<\/p>\n","protected":false},"excerpt":{"rendered":"<p>CHILPANCINGO. * 1 de julio de 2021. ) https:\/\/fiscaliaguerrero.gob.mx. Agentes Ministeriales adscritos a la Fiscal\u00eda Especializada de Delitos Sexuales y Violencia Familiar, cumplimentaron una orden de aprehensi\u00f3n en contra de Lorenzo \u00abN\u00bb como probable responsable del delito de violaci\u00f3n equiparada, en la ciudad de Iguala de la Independencia. El detenido es acusado por hechos relacionados&#8230;<\/p>\n","protected":false},"author":2,"featured_media":1230422,"comment_status":"closed","ping_status":"closed","sticky":false,"template":"","format":"standard","meta":{"footnotes":""},"categories":[1969,2005],"tags":[8699,10946,14737],"class_list":["post-1230420","post","type-post","status-publish","format-standard","has-post-thumbnail","hentry","category-trending","category-seguridad-y-justicia","tag-fiscalia-general-del-estado-de-guererro-fge","tag-jorge-zuriel-de-los-santos-barrila","tag-policia-ministerial-de-guerrero"],"_links":{"self":[{"href":"https:\/\/www.acapulcopress.com\/index.php\/wp-json\/wp\/v2\/posts\/1230420","targetHints":{"allow":["GET"]}}],"collection":[{"href":"https:\/\/www.acapulcopress.com\/index.php\/wp-json\/wp\/v2\/posts"}],"about":[{"href":"https:\/\/www.acapulcopress.com\/index.php\/wp-json\/wp\/v2\/types\/post"}],"author":[{"embeddable":true,"href":"https:\/\/www.acapulcopress.com\/index.php\/wp-json\/wp\/v2\/users\/2"}],"replies":[{"embeddable":true,"href":"https:\/\/www.acapulcopress.com\/index.php\/wp-json\/wp\/v2\/comments?post=1230420"}],"version-history":[{"count":0,"href":"https:\/\/www.acapulcopress.com\/index.php\/wp-json\/wp\/v2\/posts\/1230420\/revisions"}],"wp:featuredmedia":[{"embeddable":true,"href":"https:\/\/www.acapulcopress.com\/index.php\/wp-json\/"}],"wp:attachment":[{"href":"https:\/\/www.acapulcopress.com\/index.php\/wp-json\/wp\/v2\/media?parent=1230420"}],"wp:term":[{"taxonomy":"category","embeddable":true,"href":"https:\/\/www.acapulcopress.com\/index.php\/wp-json\/wp\/v2\/categories?post=1230420"},{"taxonomy":"post_tag","embeddable":true,"href":"https:\/\/www.acapulcopress.com\/index.php\/wp-json\/wp\/v2\/tags?post=1230420"}],"curies":[{"name":"wp","href":"https:\/\/api.w.org\/{rel}","templated":true}]}}