{"id":1230434,"date":"2021-07-01T19:24:20","date_gmt":"2021-07-02T00:24:20","guid":{"rendered":"https:\/\/www.acapulco.press\/?p=1230434"},"modified":"2021-07-01T19:24:20","modified_gmt":"2021-07-02T00:24:20","slug":"se-va-a-corregir-el-alza-del-precio-del-gas-informa-el-presidente","status":"publish","type":"post","link":"https:\/\/www.acapulcopress.com\/index.php\/2021\/07\/01\/se-va-a-corregir-el-alza-del-precio-del-gas-informa-el-presidente\/","title":{"rendered":"Se va a corregir el alza del precio del gas, informa el Presidente"},"content":{"rendered":"<p style=\"text-align: justify;\">CIUDAD DE M\u00c9XICO. * 1 de julio de 2021.<br \/>\n<em>) <a href=\"https:\/\/www.forbes.com.mx\/vamos-a-corregir-alza-en-el-precio-del-gas-amlo\/\" target=\"_blank\" rel=\"noopener\">Forbes<\/a>.<\/em><\/p>\n<p style=\"text-align: justify;\">Al rendir su informe por el tercer a\u00f1o de su triunfo electoral del 1 de julio de 2018, el presidente Andr\u00e9s Manuel L\u00f3pez Obrador reconoci\u00f3 que el precio del gas ha tenido incrementos, lo cual \u2014dijo\u2014 ser\u00e1 revertido a la brevedad.<\/p>\n<p style=\"text-align: justify;\">Al destacar que la econom\u00eda del pa\u00eds avanza y que los precios de los combustibles no han aumentado de precio, el mandatario federal admiti\u00f3 el alza en el gas.<\/p>\n<p style=\"text-align: justify;\">\u201cNo hay aumento de gasolinas, di\u00e9sel y la luz, el gas subi\u00f3 un poco, pero ya vamos a corregir ese aumento muy pronto\u201d, prometi\u00f3 desde Palacio Nacional,<\/p>\n<p style=\"text-align: justify;\">El jefe del Ejecutivo afirm\u00f3 que tanto la econom\u00eda como la salud presentan signos alentadores de recuperaci\u00f3n tras el embate de la pandemia de Covid-19.<\/p>\n<p style=\"text-align: justify;\">L\u00f3pez Obrador destac\u00f3 que de abril a junio de este a\u00f1o se han reducido el n\u00famero de contagios por coronavirus y a su vez esto se ha reflejado en menos fallecimientos por esta enfermedad.<\/p>\n<p style=\"text-align: justify;\">\u201cHemos hecho lo que humanamente es posible para enfrentar esta pandemia y salvar vidas. Informamos y respondimos a tiempo, levantamos con tiempo el sistema de salud que estaba en ruinas\u201d, sostuvo.<\/p>\n<p style=\"text-align: justify;\">No te pierdas: L\u00f3pez Obrador, 3 a\u00f1os: \u2018El pa\u00eds no es un caos en econom\u00eda y salud\u2019<\/p>\n<p style=\"text-align: justify;\">El mandatario expuso que su administraci\u00f3n ha encarado la crisis sanitaria al destinar 70,000 millones de pesos m\u00e1s de presupuesto al sector salud, reconvirtiendo infraestructura hospitalaria y contratando a personas m\u00e9dico.<\/p>\n<p style=\"text-align: justify;\">Se\u00f1al\u00f3 que gracias al cuidado responsable que los mexicanos y miembros del sector salud, el pa\u00eds regresa a la normalidad que se ve reflejado con 19 estados en sem\u00e1foro verde; 8 en sem\u00e1foro naranja y 5 en amarillo, ninguno en sem\u00e1foro rojo.<\/p>\n<p style=\"text-align: justify;\">\u201cNo debemos dejar de reconocer el esfuerzo conjunto hechos por el pueblo y gobierno para ir recuperando la normalidad. Actitud responsable de mexicanos que se han cuidado en domicilios o de quienes tienen que salir a buscar el sustento diario en la calle\u201d, enfatiz\u00f3 el presidente de la Rep\u00fablica.<\/p>\n<p style=\"text-align: justify;\">Respecto al esquema de vacunaci\u00f3n, el jefe del Ejecutivo detall\u00f3 que hasta el momento, el pa\u00eds ha recibido 57 millones de dosis de vacunas de diversos laboratorios y gracias a la solidaridad de gobiernos extranjeros.<\/p>\n<p style=\"text-align: justify;\">En ese sentido, subray\u00f3 que el 35% de la poblaci\u00f3n mayor de 18 a\u00f1os ya est\u00e1 vacunada en M\u00e9xico y Baja California se convirti\u00f3 en la primera entidad en tener a toda su poblaci\u00f3n inmunizada.<\/p>\n<p style=\"text-align: justify;\"><strong>Nivel de empleo prepandemia, en 3 meses<\/strong><\/p>\n<p style=\"text-align: justify;\">L\u00f3pez Obrador destac\u00f3 que la acelerada recuperaci\u00f3n de empleos formales en M\u00e9xico y en los pr\u00f3ximos tres meses se lograra que est\u00e9n en tasas previas a la pandemia por COVID-19.<\/p>\n<p style=\"text-align: justify;\">\u201cS\u00f3lo nos faltan 438 mil empleos para estar como antes de la crisis sanitaria, lo vamos a lograr en los pr\u00f3ximos 3 meses\u201d, coment\u00f3.<\/p>\n<p style=\"text-align: justify;\">El presidente de la Rep\u00fablica tambi\u00e9n agradeci\u00f3 el apoyo de los migrantes mexicanos que est\u00e1n en Estados Unidos ya que sus aportaciones a sus familias han significado el arribo de 4 mil 500 millones de d\u00f3lares en remesas.<\/p>\n<p style=\"text-align: justify;\">\u201cNo hay actos de vandalismo por hambre o desatenci\u00f3n a la gente hay gobernabilidad en nuestro pa\u00eds\u201d, destac\u00f3.<\/p>\n<p style=\"text-align: justify;\">El informe del presidente Andr\u00e9s Manuel L\u00f3pez Obrador con motivo de los tres a\u00f1os de su triunfo electoral del primero de julio de 2018, comenz\u00f3 con un minuto de silencio en memoria de las v\u00edctimas de la pandemia de Covid-19.<\/p>\n<p style=\"text-align: justify;\">El tabasque\u00f1o estuvo acompa\u00f1ado de su gabinete legal y ampliado y cont\u00f3 con la presencia de la jefa de Gobierno de la Ciudad de M\u00e9xico, Claudia Sheinbaum.<\/p>\n<p style=\"text-align: justify;\">El presidente lleg\u00f3 a Palacio Nacional desde su casa ubicada en la Alcald\u00eda Tlalpan, en compa\u00f1\u00eda de su esposa Beatriz Guti\u00e9rrez M\u00fcller.<\/p>\n","protected":false},"excerpt":{"rendered":"<p>CIUDAD DE M\u00c9XICO. * 1 de julio de 2021. ) Forbes. Al rendir su informe por el tercer a\u00f1o de su triunfo electoral del 1 de julio de 2018, el presidente Andr\u00e9s Manuel L\u00f3pez Obrador reconoci\u00f3 que el precio del gas ha tenido incrementos, lo cual \u2014dijo\u2014 ser\u00e1 revertido a la brevedad. Al destacar que&#8230;<\/p>\n","protected":false},"author":2,"featured_media":1230435,"comment_status":"closed","ping_status":"closed","sticky":false,"template":"","format":"standard","meta":{"footnotes":""},"categories":[1972,18574],"tags":[3809,3896,9310,14174],"class_list":["post-1230434","post","type-post","status-publish","format-standard","has-post-thumbnail","hentry","category-special","category-gobierno-la-foto","tag-amlo-presidencia-de-la-republica","tag-andres-manuel-lopez-obrador","tag-gobierno-de-mexico","tag-palacio-nacional"],"_links":{"self":[{"href":"https:\/\/www.acapulcopress.com\/index.php\/wp-json\/wp\/v2\/posts\/1230434","targetHints":{"allow":["GET"]}}],"collection":[{"href":"https:\/\/www.acapulcopress.com\/index.php\/wp-json\/wp\/v2\/posts"}],"about":[{"href":"https:\/\/www.acapulcopress.com\/index.php\/wp-json\/wp\/v2\/types\/post"}],"author":[{"embeddable":true,"href":"https:\/\/www.acapulcopress.com\/index.php\/wp-json\/wp\/v2\/users\/2"}],"replies":[{"embeddable":true,"href":"https:\/\/www.acapulcopress.com\/index.php\/wp-json\/wp\/v2\/comments?post=1230434"}],"version-history":[{"count":0,"href":"https:\/\/www.acapulcopress.com\/index.php\/wp-json\/wp\/v2\/posts\/1230434\/revisions"}],"wp:featuredmedia":[{"embeddable":true,"href":"https:\/\/www.acapulcopress.com\/index.php\/wp-json\/"}],"wp:attachment":[{"href":"https:\/\/www.acapulcopress.com\/index.php\/wp-json\/wp\/v2\/media?parent=1230434"}],"wp:term":[{"taxonomy":"category","embeddable":true,"href":"https:\/\/www.acapulcopress.com\/index.php\/wp-json\/wp\/v2\/categories?post=1230434"},{"taxonomy":"post_tag","embeddable":true,"href":"https:\/\/www.acapulcopress.com\/index.php\/wp-json\/wp\/v2\/tags?post=1230434"}],"curies":[{"name":"wp","href":"https:\/\/api.w.org\/{rel}","templated":true}]}}