{"id":1230453,"date":"2021-07-01T22:17:38","date_gmt":"2021-07-02T03:17:38","guid":{"rendered":"https:\/\/www.acapulco.press\/?p=1230453"},"modified":"2021-07-01T22:17:38","modified_gmt":"2021-07-02T03:17:38","slug":"regreso-a-clases-a-uagro-dependera-de-semaforo-epidemiologico-rector","status":"publish","type":"post","link":"https:\/\/www.acapulcopress.com\/index.php\/2021\/07\/01\/regreso-a-clases-a-uagro-dependera-de-semaforo-epidemiologico-rector\/","title":{"rendered":"Regreso a clases a UAGro depender\u00e1 de sem\u00e1foro epidemiol\u00f3gico: Rector"},"content":{"rendered":"<p style=\"text-align: justify;\">CHILPANCINGO. * 1 de julio de 2021.<br \/>\n<em>) Especial.<\/em><\/p>\n<p style=\"text-align: justify;\">El rector de la Universidad Aut\u00f3noma de Guerrero (UAGro), Jos\u00e9 Alfredo Romero Olea, inform\u00f3 que el regreso a clases presenciales depender\u00e1 del estado del sem\u00e1foro epidemiol\u00f3gico.<\/p>\n<p style=\"text-align: justify;\">Al respecto, la universidad colabora con el gobierno del estado en un plan de prevenci\u00f3n sanitaria para el regreso a las clases presenciales de acuerdo al Sem\u00e1foro Epidemiol\u00f3gico, para no arriesgar la salud de los universitarios.<\/p>\n<p style=\"text-align: justify;\">Romero Olea complement\u00f3 que se revisa la situaci\u00f3n en que se encuentran todos los planteles de la UAGro, para confirmar si existen condiciones id\u00f3neas para que los m\u00e1s de 85 mil estudiantes y m\u00e1s de 6 mil 500 trabajadores puedan regresar a las aulas.<\/p>\n","protected":false},"excerpt":{"rendered":"<p>CHILPANCINGO. * 1 de julio de 2021. ) Especial. El rector de la Universidad Aut\u00f3noma de Guerrero (UAGro), Jos\u00e9 Alfredo Romero Olea, inform\u00f3 que el regreso a clases presenciales depender\u00e1 del estado del sem\u00e1foro epidemiol\u00f3gico. Al respecto, la universidad colabora con el gobierno del estado en un plan de prevenci\u00f3n sanitaria para el regreso a&#8230;<\/p>\n","protected":false},"author":2,"featured_media":1230456,"comment_status":"closed","ping_status":"closed","sticky":false,"template":"","format":"standard","meta":{"footnotes":""},"categories":[1969,1989],"tags":[10980,17463,17610],"class_list":["post-1230453","post","type-post","status-publish","format-standard","has-post-thumbnail","hentry","category-trending","category-noticias-generales","tag-jose-alfredo-romero-olea","tag-uagro","tag-universidad-autonoma-de-guerrero-uagro"],"_links":{"self":[{"href":"https:\/\/www.acapulcopress.com\/index.php\/wp-json\/wp\/v2\/posts\/1230453","targetHints":{"allow":["GET"]}}],"collection":[{"href":"https:\/\/www.acapulcopress.com\/index.php\/wp-json\/wp\/v2\/posts"}],"about":[{"href":"https:\/\/www.acapulcopress.com\/index.php\/wp-json\/wp\/v2\/types\/post"}],"author":[{"embeddable":true,"href":"https:\/\/www.acapulcopress.com\/index.php\/wp-json\/wp\/v2\/users\/2"}],"replies":[{"embeddable":true,"href":"https:\/\/www.acapulcopress.com\/index.php\/wp-json\/wp\/v2\/comments?post=1230453"}],"version-history":[{"count":0,"href":"https:\/\/www.acapulcopress.com\/index.php\/wp-json\/wp\/v2\/posts\/1230453\/revisions"}],"wp:featuredmedia":[{"embeddable":true,"href":"https:\/\/www.acapulcopress.com\/index.php\/wp-json\/"}],"wp:attachment":[{"href":"https:\/\/www.acapulcopress.com\/index.php\/wp-json\/wp\/v2\/media?parent=1230453"}],"wp:term":[{"taxonomy":"category","embeddable":true,"href":"https:\/\/www.acapulcopress.com\/index.php\/wp-json\/wp\/v2\/categories?post=1230453"},{"taxonomy":"post_tag","embeddable":true,"href":"https:\/\/www.acapulcopress.com\/index.php\/wp-json\/wp\/v2\/tags?post=1230453"}],"curies":[{"name":"wp","href":"https:\/\/api.w.org\/{rel}","templated":true}]}}