{"id":1230462,"date":"2021-07-01T22:39:52","date_gmt":"2021-07-02T03:39:52","guid":{"rendered":"https:\/\/www.acapulco.press\/?p=1230462"},"modified":"2021-07-01T22:39:52","modified_gmt":"2021-07-02T03:39:52","slug":"union-europea-puso-en-marcha-el-certificado-covid-digital","status":"publish","type":"post","link":"https:\/\/www.acapulcopress.com\/index.php\/2021\/07\/01\/union-europea-puso-en-marcha-el-certificado-covid-digital\/","title":{"rendered":"Uni\u00f3n Europea puso en marcha el Certificado Covid Digital"},"content":{"rendered":"<p style=\"text-align: justify;\">LONDRES. * 1 de julio de 2021.<br \/>\n<em>) <a href=\"https:\/\/es.euronews.com\/2021\/07\/01\/primera-jornada-del-certificado-covid-digital\" target=\"_blank\" rel=\"noopener\">Euronews<\/a>.<\/em><\/p>\n<p style=\"text-align: justify;\">El certificado COVID digital de la UE ha entrado en vigor oficialmente el 1 de julio. Este mi\u00e9rcoles por la noche, 26 pa\u00edses de la UE, de un total de 27, estaban conectados a la red del sistema y, seg\u00fan la Comisi\u00f3n de la UE, ya se hab\u00edan emitido 200 millones de certificados.<\/p>\n<p style=\"text-align: justify;\">Euronews ha visitado el aeropuerto de Bruselas, el d\u00eda que se espera que haya m\u00e1s actividad desde el inicio de la crisis. Pero la industria de la aviaci\u00f3n advierte que el certificado covid a\u00fan no funciona.\u00bbEs una soluci\u00f3n esperada desde hace mucho tiempo, pero desafortunadamente todav\u00eda no podemos usar el certificado al m\u00e1ximo. Si hoy escane\u00e1ramos el c\u00f3digo QR que viene con el certificado, solo ver\u00edamos si es un c\u00f3digo v\u00e1lido o un c\u00f3digo inv\u00e1lido. Desafortunadamente, dentro de Europa, incluso dentro de Europa, todos y cada uno de los pa\u00edses todav\u00eda tienen sus propias restricciones, lo que significa que incluso los pasajeros que est\u00e1n completamente vacunados deben llevar consigo una PCR negativa para algunos pa\u00edses y significa que si solo sabemos si el c\u00f3digo es v\u00e1lido y no la raz\u00f3n detr\u00e1s de \u00e9l, los datos son insuficientes para usarlos realmente para el pasajero\u00bb, cree la portavoz de Brussels Airlines Maaike Andries.<\/p>\n<p style=\"text-align: justify;\">Casi 20.000 pasajeros han llegado al aeropuerto de Bruselas y la mayor\u00eda parec\u00edan emocionados por poder viajar de nuevo. Evrin visitar\u00e1 a su familia despu\u00e9s de mucho tiempo y, a pesar de su entusiasmo por el viaje, cree que el certificado covid no es \u00fatil. \u00abNo estoy completamente vacunada, por lo que no me est\u00e1 ayudando. Lo m\u00e1s importante para m\u00ed es la prueba PCR ya que no estoy completamente vacunada\u00bb, insiste Evrin.<\/p>\n<p style=\"text-align: justify;\">Glenn, que se va de vacaciones a Grecia despu\u00e9s de 18 meses en casa, estaba preparado para una situaci\u00f3n complicada, pero &#8230; \u00ab__\u00bfEl proceso aqu\u00ed? Cuatro horas antes, as\u00ed que ahora estamos descansando, ahora tenemos tiempo para tomar una cerveza\u00bb, explica Glenn.<\/p>\n<p style=\"text-align: justify;\">Uno de los principales problemas sigue siendo la fragmentaci\u00f3n de las pol\u00edticas de viajes entre los pa\u00edses de la UE. El comisario europeo de Justicia Didier Reynders asegura que el certificado lo resolver\u00e1. \u00ab__Normalmente, en base al reglamento, con el certificado es suficiente. Salvo que haya algunas evoluciones negativas relacionadas con algunas variantes preocupantes como la Delta y que por ahora est\u00e1n en algunos lugares\u201d, detalla el comisario.<\/p>\n<p style=\"text-align: justify;\">Se supone que el certificado elimina la necesidad de una prueba complementaria o cuarentena al llegar a otro pa\u00eds. Sin embargo, existe la posibilidad de que un Estado miembro introduzca restricciones si la situaci\u00f3n sanitaria del pa\u00eds o la regi\u00f3n de donde proviene el viajero se est\u00e1 deteriorando.<\/p>\n<p style=\"text-align: justify;\"><a href=\"https:\/\/www.eldiario.es\/consumoclaro\/salud\/certificado-covid-digital-ue-pide-pasaporte-europeo-vacunacion_1_8092182.html\" target=\"_blank\" rel=\"noopener\"><strong>Certificado COVID Digital: Qu\u00e9 es, c\u00f3mo y d\u00f3nde se pide<\/strong><\/a><\/p>\n<p style=\"text-align: justify;\">El Certificado COVID Digital de la UE, conocido com\u00fanmente como pasaporte COVID, entrar\u00e1 en vigor este jueves 1 de julio en todos los Estados miembros. De esta manera, la UE espera que, poco a poco, se recupere la normalidad en el movimiento entre pa\u00edses.<\/p>\n<p style=\"text-align: justify;\">Y aunque ya en muchas Comunidades Aut\u00f3nomas exist\u00edan programas piloto para empezar a concederlo, puede que a\u00fan no sepas exactamente de qu\u00e9 se trata esta acreditaci\u00f3n. \u00bfSe puede viajar con ella? \u00bfLa puedo pedir si no estoy vacunado? \u00bfTiene alg\u00fan coste? En ConsumoClaro hemos resumido las claves principales de este nuevo documento que, entre otras cosas, espera ser un primer paso hacia la vieja normalidad.<\/p>\n<p style=\"text-align: justify;\"><strong>\u00bfQu\u00e9 es exactamente el Certificado?<\/strong><\/p>\n<p style=\"text-align: justify;\">Se trata de un documento oficial que acredita que una persona o bien est\u00e1 vacunada o ha pasado la COVID-19, o bien ha dado negativo en una prueba PCR. Es decir, y en palabras de la propia comisi\u00f3n, se trata de un certificado \u00abde vacunaci\u00f3n, de prueba diagn\u00f3stica y de recuperaci\u00f3n\u00bb.<\/p>\n<p style=\"text-align: justify;\"><strong>\u00bfEs gratuito?<\/strong><\/p>\n<p style=\"text-align: justify;\">S\u00ed. Seg\u00fan indican desde la Comisi\u00f3n Europea, todos los estados miembros deben ofrecer el Certificado COVID de manera completamente gratuita.<\/p>\n<p style=\"text-align: justify;\"><strong>\u00bfQui\u00e9n lo puede pedir?<\/strong><\/p>\n<p style=\"text-align: justify;\">Cualquier persona dentro del territorio europeo, incluyendo ni\u00f1os.<\/p>\n<p style=\"text-align: justify;\"><strong>\u00bfCu\u00e1les son los requisitos para obtener un Certificado COVID?<\/strong><\/p>\n<p style=\"text-align: justify;\">Seg\u00fan el tipo de acreditaci\u00f3n, hay unos requisitos diferentes:<\/p>\n<p style=\"text-align: justify;\">* De vacunaci\u00f3n: la persona deber\u00e1 haber recibido alguna de las, hasta ahora, cuatro vacunas aprobadas por la UE -Pfizer y BioNTech, Moderna, AstraZeneca y Janssen-. El Certificado refleja si se ha administrado la pauta completa o se encuentra en proceso<br \/>\n* De prueba diagn\u00f3stica: haber obtenido un resultado negativo en una prueba de ant\u00edgenos en las \u00faltimas 48 horas o de un test PCR en las \u00faltimas 72 horas<br \/>\n* De recuperaci\u00f3n: haber dado positivo en una prueba PCR hace m\u00e1s de once d\u00edas, pero menos de seis meses<\/p>\n<p style=\"text-align: justify;\"><strong>\u00bfEn qu\u00e9 consiste el Certificado?<\/strong><\/p>\n<p style=\"text-align: justify;\">Tanto en formato digital como en papel, el pasaporte COVID consta de un c\u00f3digo QR que, al ser escaneado, permite acceder a la acreditaci\u00f3n. Este c\u00f3digo QR, adem\u00e1s, dispone de la firma digital para evitar falsificaciones.<\/p>\n<p style=\"text-align: justify;\">Adem\u00e1s del c\u00f3digo y la firma, el Certificado dispondr\u00e1 de \u00ablos datos necesarios\u00bb, es decir, nombre completo, fecha de nacimiento, el emisor del certificado y un identificador. Dependiendo del caso, tambi\u00e9n mostrar\u00e1:<\/p>\n<p style=\"text-align: justify;\">* Acreditaci\u00f3n de vacunaci\u00f3n: el tipo de vacuna, su fabricante, el n\u00famero de dosis administradas y la fecha de cada pinchazo<br \/>\n* Acreditaci\u00f3n de diagn\u00f3stico: el tipo de test, la fecha, la hora y el lugar en el que se realiz\u00f3 y el resultado (positivo o negativo)<br \/>\n* Acreditaci\u00f3n de recuperaci\u00f3n: fecha del resultado de una prueba PCR y el periodo de validez<br \/>\n* La Comisi\u00f3n Europea ofrece una plantilla base del dise\u00f1o.<\/p>\n<p style=\"text-align: justify;\"><strong>\u00bfEs requisito indispensable para viajar?<\/strong><\/p>\n<p style=\"text-align: justify;\">No se trata de un pasaporte al uso, ya que, seg\u00fan la web oficial de vacunaci\u00f3n del Gobierno de Espa\u00f1a, \u00abno condiciona ni restringe el derecho a la libre circulaci\u00f3n\u00bb dentro de las fronteras de la Uni\u00f3n Europea. Lo pretende este documento es facilitar el proceso para viajar \u00abevitando posibles controles como cuarentenas o pruebas adicionales\u00bb.<\/p>\n<p style=\"text-align: justify;\">Este punto lo remarca especialmente la Comisi\u00f3n Europea que indica: \u00abhaber sido vacunado no constituir\u00e1 un requisito previo para viajar [&#8230;] el objetivo del Certificado COVID Digital de la UE es facilitar la libre circulaci\u00f3n, pero no constituye un impedimento\u00bb.<\/p>\n<p style=\"text-align: justify;\"><strong>\u00bfHasta cu\u00e1ndo es v\u00e1lido el documento?<\/strong><\/p>\n<p style=\"text-align: justify;\">El Certificado COVID Europeo tiene un periodo de validez que var\u00eda seg\u00fan el tipo de acreditaci\u00f3n:<\/p>\n<p style=\"text-align: justify;\">* De vacunaci\u00f3n: \u00abno se prev\u00e9 una validez m\u00e1xima\u00bb para este caso<br \/>\n* De prueba diagn\u00f3stica: entre 48 y 72 horas, seg\u00fan el Estado miembro<br \/>\n* De recuperaci\u00f3n: el periodo m\u00e1ximo es de 180 d\u00edas<\/p>\n<p style=\"text-align: justify;\"><strong>\u00bfQu\u00e9 pasara con todos los datos personales?<\/strong><\/p>\n<p style=\"text-align: justify;\">Los datos personales m\u00e9dicos seguir\u00e1n \u00abperteneciendo al Estado miembro que haya expedido\u00bb el Certificado COVID, es decir, que el pa\u00eds que visitemos no se quedar\u00e1 con nuestra informaci\u00f3n m\u00e9dica. Adem\u00e1s, seg\u00fan indican desde la Comisi\u00f3n Europea, dentro de la base de datos de la que dispondr\u00e1n los miembros de la UE -para consultar el QR-, no permitir\u00e1 intercambiar informaci\u00f3n entre ellos.<\/p>\n<p style=\"text-align: justify;\"><strong>\u00bfC\u00f3mo puedo pedirlo?<\/strong><\/p>\n<p style=\"text-align: justify;\">Desde la web oficial del Ministerio de Sanidad se puede solicitar el Certificado COVID Digital. En ella, se nos pedir\u00e1 el Certificado Digital o el acceso mediante Cl@ve (la clave permanente), si no disponemos de ninguna de las dos opciones necesitaremos el programa Autofirma.<\/p>\n<p style=\"text-align: justify;\">Tambi\u00e9n se puede solicitar directamente a cada Comunidad Aut\u00f3noma, ya sea a trav\u00e9s de la web o de la app oficial:<\/p>\n<div class=\"list\" style=\"text-align: justify;\">\n<ul>\n<li><strong>Andaluc\u00eda.\u00a0<\/strong><a href=\"https:\/\/apps.apple.com\/es\/app\/salud-andaluc%C3%ADa\/id1490126792\" target=\"_blank\" rel=\"noopener\">iOS<\/a>\u00a0y<a href=\"https:\/\/play.google.com\/store\/apps\/details?id=es.juntadeandalucia.msspa.saludandalucia\" target=\"_blank\" rel=\"noopener\">\u00a0Android<\/a>\u00a0|\u00a0<a href=\"https:\/\/www.sspa.juntadeandalucia.es\/servicioandaluzdesalud\/clicsalud\/pages\/portada.jsf?caducada=1\" target=\"_blank\" rel=\"noopener\">Web<\/a><\/li>\n<li><strong>Arag\u00f3n<\/strong>.\u00a0<a href=\"https:\/\/apps.apple.com\/es\/app\/salud-informa\/id1102812328\" target=\"_blank\" rel=\"noopener\">iOS<\/a>\u00a0y\u00a0<a href=\"https:\/\/play.google.com\/store\/apps\/details?id=es.saludinforma.android\" target=\"_blank\" rel=\"noopener\">Android<\/a>\u00a0|\u00a0<a href=\"https:\/\/www.saludinforma.es\/portalsi\/web\/salud\/inicio\" target=\"_blank\" rel=\"noopener\">Web<\/a><\/li>\n<li><strong>Asturias<\/strong>.\u00a0<a href=\"https:\/\/www.astursalud.es\/noticias\/-\/noticias\/certificado-covid-digital\" target=\"_blank\" rel=\"noopener\">Web<\/a><\/li>\n<li><strong>Baleares<\/strong>.\u00a0<a href=\"https:\/\/porpac.ibsalut.es\/services\/Cvd.action\" target=\"_blank\" rel=\"noopener\">Web<\/a><\/li>\n<li><strong>Canarias<\/strong>.\u00a0<a href=\"https:\/\/apps.apple.com\/es\/app\/mihistoria\/id1141918718\" target=\"_blank\" rel=\"noopener\">iOS<\/a>\u00a0y\u00a0<a href=\"https:\/\/play.google.com\/store\/apps\/details?id=org.gobiernodecanarias.scs.mihistoria\" target=\"_blank\" rel=\"noopener\">Android<\/a><\/li>\n<li><strong>Cantabria<\/strong>.\u00a0<a href=\"https:\/\/apps.apple.com\/es\/app\/scsalud\/id1154524994\" target=\"_blank\" rel=\"noopener\">iOS<\/a>\u00a0y\u00a0<a href=\"https:\/\/play.google.com\/store\/apps\/details?id=com.vitesia.cantabria.citaprevia&amp;hl=es\" target=\"_blank\" rel=\"noopener\">para Android<\/a>\u00a0|\u00a0<a href=\"https:\/\/ccdcantabria.scsalud.es\/\" target=\"_blank\" rel=\"noopener\">Web<\/a><\/li>\n<li><strong>Castilla la Mancha<\/strong>.\u00a0<a href=\"https:\/\/apps.apple.com\/es\/app\/sescam\/id824742584\" target=\"_blank\" rel=\"noopener\">iOS<\/a>\u00a0y\u00a0<a href=\"https:\/\/play.google.com\/store\/apps\/details?id=es.jccm.sescam.cita\" target=\"_blank\" rel=\"noopener\">para Android<\/a>\u00a0|\u00a0<a href=\"https:\/\/sescam.jccm.es\/cvd\/#\/second-login\" target=\"_blank\" rel=\"noopener\">Web<\/a><\/li>\n<li><strong>Castilla y Le\u00f3n.\u00a0<\/strong><a href=\"https:\/\/apps.apple.com\/es\/app\/sacyl-conecta\/id619810190\" target=\"_blank\" rel=\"noopener\">iOS<\/a>\u00a0y\u00a0<a href=\"https:\/\/play.google.com\/store\/apps\/details?id=com.citaprevia.citaprevia\" target=\"_blank\" rel=\"noopener\">Android<\/a><\/li>\n<li><strong>Ceuta<\/strong>.\u00a0<a href=\"https:\/\/sede.ceuta.es\/controlador\/controlador?cmd=inicio&amp;modulo=carpeta\" target=\"_blank\" rel=\"noopener\">Web<\/a><\/li>\n<li><strong>Catalu\u00f1a<\/strong>.\u00a0<a href=\"https:\/\/apps.apple.com\/es\/app\/la-meva-salut\/id1358288989\" target=\"_blank\" rel=\"noopener\">iOS<\/a>\u00a0y\u00a0<a href=\"https:\/\/play.google.com\/store\/apps\/details?id=cat.gencat.mobi.lamevasalut\" target=\"_blank\" rel=\"noopener\">Android<\/a>\u00a0|\u00a0<a href=\"https:\/\/lamevasalut.gencat.cat\/web\/cps\/welcome\" target=\"_blank\" rel=\"noopener\">Web<\/a>.<\/li>\n<li><strong>Comunidad Valenciana<\/strong>.\u00a0<a href=\"https:\/\/apps.apple.com\/es\/app\/gva-salut\/id1191802694\" target=\"_blank\" rel=\"noopener\">iOS<\/a>\u00a0y\u00a0<a href=\"https:\/\/play.google.com\/store\/apps\/details?id=es.gva.mesSalut\" target=\"_blank\" rel=\"noopener\">Android<\/a>\u00a0|\u00a0<a href=\"http:\/\/coronavirus.san.gva.es\/es\/certificado-digital-ue\" target=\"_blank\" rel=\"noopener\">Web<\/a><\/li>\n<li><strong>Extremadura<\/strong>.\u00a0<a href=\"https:\/\/www.xatakamovil.com\/redirect?url=https%3A%2F%2Fitunes.apple.com%2Fes%2Fapp%2Fcsonline-extremadura%2Fid1240091434%3Fmt%3D8&amp;category=tutoriales\" target=\"_blank\" rel=\"noopener\">iOS<\/a>\u00a0y\u00a0<a href=\"https:\/\/play.google.com\/store\/apps\/details?id=es.juntaex.saludextremadura.csol\" target=\"_blank\" rel=\"noopener\">Android<\/a>\u00a0|\u00a0<a href=\"https:\/\/saludextremadura.ses.es\/csonline\/\" target=\"_blank\" rel=\"noopener\">Web<\/a><\/li>\n<li><strong>Galicia<\/strong>.\u00a0<a href=\"https:\/\/apps.apple.com\/es\/app\/id1511420042\" target=\"_blank\" rel=\"noopener\">iOS<\/a>\u00a0y\u00a0<a href=\"https:\/\/play.google.com\/store\/apps\/details?id=gal.xunta.covidpass\" target=\"_blank\" rel=\"noopener\">Android<\/a>\u00a0|\u00a0<a href=\"https:\/\/sede.xunta.gal\/tramites-e-servizos\/chave365\" target=\"_blank\" rel=\"noopener\">Web<\/a><\/li>\n<li><strong>La Rioja.\u00a0<\/strong><a href=\"https:\/\/apps.apple.com\/es\/app\/riojasalud\/id959511609\" target=\"_blank\" rel=\"noopener\">iOS<\/a>\u00a0y\u00a0<a href=\"https:\/\/play.google.com\/store\/apps\/details?id=es.riojasalud.riojasalud2\" target=\"_blank\" rel=\"noopener\">Android<\/a>\u00a0|\u00a0<a href=\"https:\/\/cvd.riojasalud.es\/\" target=\"_blank\" rel=\"noopener\">Web<\/a><\/li>\n<li><strong>Madrid<\/strong>.\u00a0<a href=\"https:\/\/apps.apple.com\/es\/app\/tarjeta-sanitaria\/id1517046103\" target=\"_blank\" rel=\"noopener\">iOS<\/a>\u00a0y\u00a0<a href=\"https:\/\/play.google.com\/store\/apps\/details?id=org.madrid.ztav.tarjetaSanitariaVirtual\" target=\"_blank\" rel=\"noopener\">Android<\/a>\u00a0|\u00a0<a href=\"https:\/\/www.carpetavirtual.sanidadmadrid.org\/cavi\/mvc\/inicio\/login\" target=\"_blank\" rel=\"noopener\">Web<\/a><\/li>\n<li><strong>Melilla<\/strong>.\u00a0<a href=\"https:\/\/www.melilla.es\/melillaPortal\/contenedor.jsp?seccion=s_fdes_d4_v1.jsp&amp;codbusqueda=808&amp;language=es&amp;codResi=1&amp;codMenuPN=601&amp;codMenuSN=730&amp;codMenuTN=766&amp;codMenu=769\" target=\"_blank\" rel=\"noopener\">Web<\/a><\/li>\n<li><strong>Murcia<\/strong>.\u00a0<a href=\"https:\/\/sede.carm.es\/web\/pagina?IDCONTENIDO=3585&amp;IDTIPO=240&amp;RASTRO=c$m40288\" target=\"_blank\" rel=\"noopener\">Web<\/a><\/li>\n<li><strong>Navarra<\/strong>.\u00a0<a href=\"https:\/\/www.xatakamovil.com\/redirect?url=https%3A%2F%2Fitunes.apple.com%2Fes%2Fapp%2Fcarpeta-personal-de-salud%2Fid1239865380%3Fmt%3D8&amp;category=tutoriales\" target=\"_blank\" rel=\"noopener\">iOS<\/a>\u00a0y\u00a0<a href=\"https:\/\/play.google.com\/store\/apps\/details?id=com.navarra.CarpetaSalud\" target=\"_blank\" rel=\"noopener\">Android<\/a>\u00a0|\u00a0<a href=\"http:\/\/www.navarra.es\/home_es\/Temas\/Portal+de+la+Salud\/Ciudadania\/Actualidad\/Carpeta+Personal+de+Salud\/\" target=\"_blank\" rel=\"noopener\">Web<\/a><\/li>\n<li><strong>Pa\u00eds Vasco<\/strong>.\u00a0<a href=\"https:\/\/apps.apple.com\/es\/app\/portal-m%C3%B3vil-osakidetza\/id1079452646\" target=\"_blank\" rel=\"noopener\">iOS<\/a>\u00a0y\u00a0<a href=\"https:\/\/play.google.com\/store\/apps\/details?id=eus.osakidetza.apps.p42\" target=\"_blank\" rel=\"noopener\">Android<\/a>\u00a0|\u00a0<a href=\"https:\/\/www.euskadi.eus\/certificado-covid-digital-ue\/web01-a3korona\/es\/\" target=\"_blank\" rel=\"noopener\">Web<\/a><\/li>\n<\/ul>\n<\/div>\n<figure class=\"embed-container embed-container--type-embed \" style=\"text-align: justify;\"><\/figure>\n","protected":false},"excerpt":{"rendered":"<p>LONDRES. * 1 de julio de 2021. ) Euronews. El certificado COVID digital de la UE ha entrado en vigor oficialmente el 1 de julio. Este mi\u00e9rcoles por la noche, 26 pa\u00edses de la UE, de un total de 27, estaban conectados a la red del sistema y, seg\u00fan la Comisi\u00f3n de la UE, ya&#8230;<\/p>\n","protected":false},"author":2,"featured_media":1230463,"comment_status":"closed","ping_status":"closed","sticky":false,"template":"","format":"standard","meta":{"footnotes":""},"categories":[1969,1989],"tags":[5610,17595],"class_list":["post-1230462","post","type-post","status-publish","format-standard","has-post-thumbnail","hentry","category-trending","category-noticias-generales","tag-certificado-covid-digital","tag-union-europea"],"_links":{"self":[{"href":"https:\/\/www.acapulcopress.com\/index.php\/wp-json\/wp\/v2\/posts\/1230462","targetHints":{"allow":["GET"]}}],"collection":[{"href":"https:\/\/www.acapulcopress.com\/index.php\/wp-json\/wp\/v2\/posts"}],"about":[{"href":"https:\/\/www.acapulcopress.com\/index.php\/wp-json\/wp\/v2\/types\/post"}],"author":[{"embeddable":true,"href":"https:\/\/www.acapulcopress.com\/index.php\/wp-json\/wp\/v2\/users\/2"}],"replies":[{"embeddable":true,"href":"https:\/\/www.acapulcopress.com\/index.php\/wp-json\/wp\/v2\/comments?post=1230462"}],"version-history":[{"count":0,"href":"https:\/\/www.acapulcopress.com\/index.php\/wp-json\/wp\/v2\/posts\/1230462\/revisions"}],"wp:featuredmedia":[{"embeddable":true,"href":"https:\/\/www.acapulcopress.com\/index.php\/wp-json\/"}],"wp:attachment":[{"href":"https:\/\/www.acapulcopress.com\/index.php\/wp-json\/wp\/v2\/media?parent=1230462"}],"wp:term":[{"taxonomy":"category","embeddable":true,"href":"https:\/\/www.acapulcopress.com\/index.php\/wp-json\/wp\/v2\/categories?post=1230462"},{"taxonomy":"post_tag","embeddable":true,"href":"https:\/\/www.acapulcopress.com\/index.php\/wp-json\/wp\/v2\/tags?post=1230462"}],"curies":[{"name":"wp","href":"https:\/\/api.w.org\/{rel}","templated":true}]}}