{"id":1230469,"date":"2021-07-01T23:01:16","date_gmt":"2021-07-02T04:01:16","guid":{"rendered":"https:\/\/www.acapulco.press\/?p=1230469"},"modified":"2021-07-01T23:01:16","modified_gmt":"2021-07-02T04:01:16","slug":"han-sido-3-anos-de-retroceso-pan","status":"publish","type":"post","link":"https:\/\/www.acapulcopress.com\/index.php\/2021\/07\/01\/han-sido-3-anos-de-retroceso-pan\/","title":{"rendered":"\u00abHan sido 3 a\u00f1os de retroceso\u00bb | PAN"},"content":{"rendered":"<p style=\"text-align: justify;\"><em>* Es un Presidente que gobierna solo, no considera a su gabinete ni a los mandatarios estatales y no escucha a la oposici\u00f3n.<\/em><br \/>\n<em><strong>* Con datos reales, en el primer trimestre del 2021, tuvimos una ca\u00edda del PIB de -3.6%, se perdieron 348,482 empleos y la inflaci\u00f3n subi\u00f3 a 6%.<\/strong><\/em><br \/>\n<em>* La violencia en el pa\u00eds se ha desatado, seguimos sin estrategia para combatir a los grupos criminales y el gobierno est\u00e1 m\u00e1s preocupado por perseguir adversarios pol\u00edticos, que a asesinos y narcotraficantes.<\/em><br \/>\n<em><strong>* A\u00fan est\u00e1 a tiempo de dejarse ayudar por la oposici\u00f3n y la sociedad civil para corregir el rumbo de M\u00e9xico.<\/strong><\/em><\/p>\n<p style=\"text-align: justify;\">CIUDAD DE M\u00c9XICO. * 1 de julio de 2021.<br \/>\n<em>) Comunicado.<\/em><br \/>\nCon Morena y L\u00f3pez Obrador, M\u00e9xico est\u00e1 sumido en una profunda crisis, porque escasea el empleo, no hay crecimiento econ\u00f3mico, no hay seguridad, no hay medicamentos, tenemos altos precios en la luz, el agua, la gasolina, la canasta b\u00e1sica y menos oportunidades.<\/p>\n<p style=\"text-align: justify;\">Es como si el pa\u00eds hubiera retrocedido a la \u00e9poca de los setenta, pues adem\u00e1s est\u00e1n comprometidas las libertades de pensamiento, econ\u00f3micas y pol\u00edticas y el Presidente de la Rep\u00fablica de manera autoritaria quita recursos a funciones elementales del Estado Mexicano y se las otorga a sus caprichos personales.<\/p>\n<p style=\"text-align: justify;\">As\u00ed lo manifest\u00f3 el presidente nacional del PAN, Marko Cort\u00e9s Mendoza, quien se\u00f1al\u00f3 que, por tercer a\u00f1o consecutivo, el Presidente de la Rep\u00fablica en su informe con motivo de tres a\u00f1os de gobierno se dedic\u00f3 a difundir mentiras y datos falsos, as\u00ed como lo ha hecho diariamente en sus ma\u00f1aneras.<\/p>\n<p style=\"text-align: justify;\">\u201cEs un Presidente que gobierna solo, que decide \u00fanicamente \u00e9l, que no considera ni toma en cuenta a su gabinete ni a los mandatarios estatales de todos los partidos pol\u00edticos, no escucha a la oposici\u00f3n que fue electa por millones de mexicanos y no le interesan las causas m\u00e1s urgentes del pa\u00eds, como la salud de los ciudadanos y de los ni\u00f1os enfermos de c\u00e1ncer\u201d, coment\u00f3.<\/p>\n<p style=\"text-align: justify;\">Basado en cifras del Instituto Mexicano del Seguro Social y del propio INEGI, Marko Cort\u00e9s inform\u00f3 que, en el primer trimestre del 2021, se tuvo una ca\u00edda del Producto Interno Bruto de -3.6%, se perdieron 348,482 empleos y la inflaci\u00f3n est\u00e1 en 6%.<\/p>\n<p style=\"text-align: justify;\">Asimismo, los precios de la canasta b\u00e1sica se han incrementado, pese a las promesas, como la tortilla de 14 a 17 pesos, el kilo de chile serrano de 14 a 35, el jitomate de 13 a 26 pesos y el de pollo de 38 a 73 pesos.<\/p>\n<p style=\"text-align: justify;\">Adem\u00e1s, la violencia en el pa\u00eds se ha desatado, estamos muy por encima de lo que se ha registrado en otros sexenios y el gobierno lo toma con ligereza, sin estrategia para combatir a los grupos criminales, m\u00e1s preocupado por perseguir a sus adversarios pol\u00edticos que a los asesinos, feminicidas y narcotraficantes.<\/p>\n<p style=\"text-align: justify;\">De acuerdo con el Secretariado Ejecutivo del Sistema Nacional de Seguridad P\u00fablica, se han incrementado 26% los feminicidios, 13% los homicidios, 30% la extorsi\u00f3n, 21% el fraude y 28% las amenazas.<\/p>\n<p style=\"text-align: justify;\">\u201cSi al Presidente de la Rep\u00fablica se le pusiera una calificaci\u00f3n estar\u00eda completamente reprobado, porque el pa\u00eds no ha avanzado en nada y, por el contrario, ha retrocedido en todo\u201d, puntualiz\u00f3.<\/p>\n<p style=\"text-align: justify;\">El l\u00edder panista expuso que el presidente a\u00fan est\u00e1 a tiempo de dejarse ayudar por la oposici\u00f3n que puede ayudar a cambiar el destino de M\u00e9xico; a\u00fan est\u00e1 a tiempo de abrirle las puertas a la sociedad civil, a quien se las ha cerrado por completo como a madres y padres de desaparecidos, mujeres, padres de ni\u00f1os con c\u00e1ncer, empresarios que no piensan como \u00e9l; a\u00fan estamos a tiempo de corregir el rumbo del pa\u00eds porque ese fue el mandato de las urnas el pasado 6 de junio.<\/p>\n<p style=\"text-align: justify;\">\u201cEn nombre de Acci\u00f3n Nacional y miles de ciudadanos cansados de las mentiras, le demandamos: \u201c\u00a1Basta de excusas y pretextos! Basta de solo estar culpando. Ya se fue medio sexenio, lleno de mentiras, destrucci\u00f3n y promesas sin cumplir. Es tiempo de corregir el rumbo. Exigimos al gobierno un cambio para mejorar\u201d, concluy\u00f3.<\/p>\n","protected":false},"excerpt":{"rendered":"<p>* Es un Presidente que gobierna solo, no considera a su gabinete ni a los mandatarios estatales y no escucha a la oposici\u00f3n. * Con datos reales, en el primer trimestre del 2021, tuvimos una ca\u00edda del PIB de -3.6%, se perdieron 348,482 empleos y la inflaci\u00f3n subi\u00f3 a 6%. * La violencia en el&#8230;<\/p>\n","protected":false},"author":2,"featured_media":1230470,"comment_status":"closed","ping_status":"closed","sticky":false,"template":"","format":"standard","meta":{"footnotes":""},"categories":[18574,1997],"tags":[3793,3896,12460,13353,14269],"class_list":["post-1230469","post","type-post","status-publish","format-standard","has-post-thumbnail","hentry","category-gobierno-la-foto","category-noticias-destacadas","tag-amlo","tag-andres-manuel-lopez-obrador","tag-marcko-cortes-mendoza","tag-movimiento-regeneracion-nacional-morena","tag-partido-accion-nacional-pan"],"_links":{"self":[{"href":"https:\/\/www.acapulcopress.com\/index.php\/wp-json\/wp\/v2\/posts\/1230469","targetHints":{"allow":["GET"]}}],"collection":[{"href":"https:\/\/www.acapulcopress.com\/index.php\/wp-json\/wp\/v2\/posts"}],"about":[{"href":"https:\/\/www.acapulcopress.com\/index.php\/wp-json\/wp\/v2\/types\/post"}],"author":[{"embeddable":true,"href":"https:\/\/www.acapulcopress.com\/index.php\/wp-json\/wp\/v2\/users\/2"}],"replies":[{"embeddable":true,"href":"https:\/\/www.acapulcopress.com\/index.php\/wp-json\/wp\/v2\/comments?post=1230469"}],"version-history":[{"count":0,"href":"https:\/\/www.acapulcopress.com\/index.php\/wp-json\/wp\/v2\/posts\/1230469\/revisions"}],"wp:featuredmedia":[{"embeddable":true,"href":"https:\/\/www.acapulcopress.com\/index.php\/wp-json\/"}],"wp:attachment":[{"href":"https:\/\/www.acapulcopress.com\/index.php\/wp-json\/wp\/v2\/media?parent=1230469"}],"wp:term":[{"taxonomy":"category","embeddable":true,"href":"https:\/\/www.acapulcopress.com\/index.php\/wp-json\/wp\/v2\/categories?post=1230469"},{"taxonomy":"post_tag","embeddable":true,"href":"https:\/\/www.acapulcopress.com\/index.php\/wp-json\/wp\/v2\/tags?post=1230469"}],"curies":[{"name":"wp","href":"https:\/\/api.w.org\/{rel}","templated":true}]}}