{"id":1230496,"date":"2021-07-02T17:52:03","date_gmt":"2021-07-02T22:52:03","guid":{"rendered":"https:\/\/www.acapulco.press\/?p=1230496"},"modified":"2021-07-02T17:52:03","modified_gmt":"2021-07-02T22:52:03","slug":"fge-aprehende-a-un-violador-y-logra-sentencia-de-20-anos-para-otro","status":"publish","type":"post","link":"https:\/\/www.acapulcopress.com\/index.php\/2021\/07\/02\/fge-aprehende-a-un-violador-y-logra-sentencia-de-20-anos-para-otro\/","title":{"rendered":"FGE aprehende a un violador y logra sentencia de 20 a\u00f1os para otro"},"content":{"rendered":"<p style=\"text-align: justify;\">CHILPANCINGO. * 2 de julio de 2021.<br \/>\n<em>) <a href=\"https:\/\/fiscaliaguerrero.gob.mx\" target=\"_blank\" rel=\"noopener\">https:\/\/fiscaliaguerrero.gob.mx<\/a>.<\/em><\/p>\n<p style=\"text-align: justify;\">El Ministerio P\u00fablico adscrito a la Unidad Especializada en Delitos Sexuales y Violencia Familiar logr\u00f3 sentencia de 20 a\u00f1os de prisi\u00f3n en contra de \u00d3scar \u00abN\u00bb, como responsable del delito de violaci\u00f3n equiparada agravada y abuso de personas menores de edad agravada.<\/p>\n<p style=\"text-align: justify;\">De acuerdo a la carpeta judicial C-185\/2020 el imputado cometi\u00f3 los delitos cuando la madre de la menor se ausentaba de casa. Por lo que el Juez de Control y Enjuiciamiento Penal del Distrito Judicial de Tabares, sentenci\u00f3 a \u00d3scar \u00abN\u00bb a una pena privativa de su libertad de 20 a\u00f1os de prisi\u00f3n, quedando interno en el Centro de Reinserci\u00f3n Social de Acapulco.<\/p>\n<p style=\"text-align: justify;\">La Fiscal\u00eda General del Estado continuar\u00e1 investigando los delitos del fuero com\u00fan y con especial seguimiento los cometidos en temas de igualdad de g\u00e9nero y menores de edad en el estado de Guerrero.<\/p>\n<p><img loading=\"lazy\" decoding=\"async\" class=\"alignleft size-medium wp-image-1230497\" style=\"text-align: justify;\" src=\"https:\/\/www.acapulco.press\/wp-content\/uploads\/2021\/07\/FGE-DAVID-VIOLACION-375x375.jpg\" alt=\"\" width=\"375\" height=\"375\" \/><\/p>\n<p style=\"text-align: justify;\">En otro caso, polic\u00edas ministeriales adscritos a la Fiscal\u00eda Especializada en Delitos Sexuales y Violencia Familiar dieron cumplimiento a la orden de aprehensi\u00f3n en contra de David \u00abN\u00bb, como probable responsable del delito de violaci\u00f3n, hechos en la carpeta judicial C-205\/2021.<\/p>\n<p style=\"text-align: justify;\">El detenido es se\u00f1alado como quien el d\u00eda 6 de enero de 2021, a la v\u00edctima mediante enga\u00f1os, le dijo que lo acompa\u00f1ara a un lugar para acomodar muebles, y estando ah\u00ed cometi\u00f3 el delito, conducta que volvi\u00f3 a repetir el d\u00eda 30 del mismo mes.<\/p>\n<p style=\"text-align: justify;\">Por lo anterior, el detenido qued\u00f3 a disposici\u00f3n del Ministerio P\u00fablico de la Fiscal\u00eda Especializada en Delitos Sexuales y Violencia Familiar, en espera del t\u00e9rmino legal para quedar a disposici\u00f3n del Juez de Control.<\/p>\n<p style=\"text-align: justify;\">La Fiscal\u00eda General del Estado continuar\u00e1 investigando los delitos del fuero com\u00fan y con especial seguimiento los cometidos en temas de igualdad de g\u00e9nero y menores de edad en el estado de Guerrero.<\/p>\n","protected":false},"excerpt":{"rendered":"<p>CHILPANCINGO. * 2 de julio de 2021. ) https:\/\/fiscaliaguerrero.gob.mx. El Ministerio P\u00fablico adscrito a la Unidad Especializada en Delitos Sexuales y Violencia Familiar logr\u00f3 sentencia de 20 a\u00f1os de prisi\u00f3n en contra de \u00d3scar \u00abN\u00bb, como responsable del delito de violaci\u00f3n equiparada agravada y abuso de personas menores de edad agravada. De acuerdo a la&#8230;<\/p>\n","protected":false},"author":2,"featured_media":1230498,"comment_status":"closed","ping_status":"closed","sticky":false,"template":"","format":"standard","meta":{"footnotes":""},"categories":[1969,2005],"tags":[8703,10946,14737],"class_list":["post-1230496","post","type-post","status-publish","format-standard","has-post-thumbnail","hentry","category-trending","category-seguridad-y-justicia","tag-fiscalia-general-del-estado-de-guerrero-fge","tag-jorge-zuriel-de-los-santos-barrila","tag-policia-ministerial-de-guerrero"],"_links":{"self":[{"href":"https:\/\/www.acapulcopress.com\/index.php\/wp-json\/wp\/v2\/posts\/1230496","targetHints":{"allow":["GET"]}}],"collection":[{"href":"https:\/\/www.acapulcopress.com\/index.php\/wp-json\/wp\/v2\/posts"}],"about":[{"href":"https:\/\/www.acapulcopress.com\/index.php\/wp-json\/wp\/v2\/types\/post"}],"author":[{"embeddable":true,"href":"https:\/\/www.acapulcopress.com\/index.php\/wp-json\/wp\/v2\/users\/2"}],"replies":[{"embeddable":true,"href":"https:\/\/www.acapulcopress.com\/index.php\/wp-json\/wp\/v2\/comments?post=1230496"}],"version-history":[{"count":0,"href":"https:\/\/www.acapulcopress.com\/index.php\/wp-json\/wp\/v2\/posts\/1230496\/revisions"}],"wp:featuredmedia":[{"embeddable":true,"href":"https:\/\/www.acapulcopress.com\/index.php\/wp-json\/"}],"wp:attachment":[{"href":"https:\/\/www.acapulcopress.com\/index.php\/wp-json\/wp\/v2\/media?parent=1230496"}],"wp:term":[{"taxonomy":"category","embeddable":true,"href":"https:\/\/www.acapulcopress.com\/index.php\/wp-json\/wp\/v2\/categories?post=1230496"},{"taxonomy":"post_tag","embeddable":true,"href":"https:\/\/www.acapulcopress.com\/index.php\/wp-json\/wp\/v2\/tags?post=1230496"}],"curies":[{"name":"wp","href":"https:\/\/api.w.org\/{rel}","templated":true}]}}